{"id":8598,"date":"2009-03-30T11:47:35","date_gmt":"2009-03-30T09:47:35","guid":{"rendered":"https:\/\/www.bkwine.com\/?p=8598"},"modified":"2011-10-12T11:48:23","modified_gmt":"2011-10-12T09:48:23","slug":"albarino-tillats-och-planteras-i-frankrike","status":"publish","type":"post","link":"https:\/\/www.bkwine.com\/sv\/nyheter\/albarino-tillats-och-planteras-i-frankrike\/","title":{"rendered":"Albarino till\u00e5ts, och planteras i Frankrike"},"content":{"rendered":"<p>Druvan albari\u00f1o \u00e4r k\u00e4nd fr\u00e5n Spanien och Portugal (alvarinho), d\u00e4r den producerar friska, citrussyrliga viner. I Frankrike \u00e4r den inte till\u00e5ten. Men det blir \u00e4ndring p\u00e5 det. F\u00f6r drygt en vecka sedan publicerades en ny lista av vilka druvsorter som \u00e4r till\u00e5tna i Frankrike, och albari\u00f1o \u00e4r en av de druvor som nu blir till\u00e5tna i Frankrike. Det \u00e4r p\u00e5 initiativ av vissa vinproducenter i Languedoc som druvan f\u00f6reslogs bli till\u00e5ten (ryktet s\u00e4ger att den kom med p\u00e5 rekordtid \u2013 tre veckor tog det f\u00f6r den att bli accepterad!). Man hoppas att den ska kunna bli en ny signaturdruva f\u00f6r Languedoc. Den k\u00e4nde producenten Laurent Miquel (och inte minst k\u00e4nd i Sverige) \u00e4r en av de som ligger i startblocken f\u00f6r att plantera albari\u00f1o 2010. S\u00e5 vi kan kanske f\u00f6rv\u00e4nta oss en f\u00f6rsta tappning fram\u00e5t 2012.<\/p>\n","protected":false},"excerpt":{"rendered":"<p>Druvan albari\u00f1o \u00e4r k\u00e4nd fr\u00e5n Spanien och Portugal (alvarinho), d\u00e4r den producerar friska, citrussyrliga viner. I Frankrike \u00e4r den inte till\u00e5ten. Men det blir \u00e4ndring p\u00e5 det. F\u00f6r drygt en vecka sedan publicerades en ny lista av vilka druvsorter som \u00e4r till\u00e5tna i Frankrike, och albari\u00f1o \u00e4r en av de druvor som nu blir till\u00e5tna [&hellip;]<\/p>\n","protected":false},"author":12,"featured_media":0,"comment_status":"open","ping_status":"closed","sticky":false,"template":"","format":"standard","meta":{"footnotes":""},"categories":[126],"tags":[2214,222],"class_list":["post-8598","post","type-post","status-publish","format-standard","hentry","category-nyheter","tag-alvarinho-sv","tag-vindruvssorter"],"_links":{"self":[{"href":"https:\/\/www.bkwine.com\/sv\/wp-json\/wp\/v2\/posts\/8598","targetHints":{"allow":["GET"]}}],"collection":[{"href":"https:\/\/www.bkwine.com\/sv\/wp-json\/wp\/v2\/posts"}],"about":[{"href":"https:\/\/www.bkwine.com\/sv\/wp-json\/wp\/v2\/types\/post"}],"author":[{"embeddable":true,"href":"https:\/\/www.bkwine.com\/sv\/wp-json\/wp\/v2\/users\/12"}],"replies":[{"embeddable":true,"href":"https:\/\/www.bkwine.com\/sv\/wp-json\/wp\/v2\/comments?post=8598"}],"version-history":[{"count":0,"href":"https:\/\/www.bkwine.com\/sv\/wp-json\/wp\/v2\/posts\/8598\/revisions"}],"wp:attachment":[{"href":"https:\/\/www.bkwine.com\/sv\/wp-json\/wp\/v2\/media?parent=8598"}],"wp:term":[{"taxonomy":"category","embeddable":true,"href":"https:\/\/www.bkwine.com\/sv\/wp-json\/wp\/v2\/categories?post=8598"},{"taxonomy":"post_tag","embeddable":true,"href":"https:\/\/www.bkwine.com\/sv\/wp-json\/wp\/v2\/tags?post=8598"}],"curies":[{"name":"wp","href":"https:\/\/api.w.org\/{rel}","templated":true}]}}