{"id":411731,"date":"2022-01-22T13:57:56","date_gmt":"2022-01-22T12:57:56","guid":{"rendered":"https:\/\/www.bkwine.com\/?p=411731"},"modified":"2025-07-14T16:31:06","modified_gmt":"2025-07-14T14:31:06","slug":"vidal-fleury-norra-rhone-cote-rotie","status":"publish","type":"post","link":"https:\/\/www.bkwine.com\/sv\/reportage\/vinproducenter\/vidal-fleury-norra-rhone-cote-rotie\/","title":{"rendered":"Vidal Fleury, norra Rh\u00f4ne-dalens nestor: mer \u00e4n \u201dbara\u201d C\u00f4te R\u00f4tie | Britt p\u00e5 Forbes"},"content":{"rendered":"\t\t<div data-elementor-type=\"wp-post\" data-elementor-id=\"411731\" class=\"elementor elementor-411731 elementor-411729\" data-elementor-post-type=\"post\">\n\t\t\t\t\t\t<section class=\"elementor-section elementor-top-section elementor-element elementor-element-50f7c14 elementor-section-boxed elementor-section-height-default elementor-section-height-default\" data-id=\"50f7c14\" data-element_type=\"section\" data-e-type=\"section\">\n\t\t\t\t\t\t<div class=\"elementor-container elementor-column-gap-default\">\n\t\t\t\t\t<div class=\"elementor-column elementor-col-100 elementor-top-column elementor-element elementor-element-8527c56\" data-id=\"8527c56\" data-element_type=\"column\" data-e-type=\"column\">\n\t\t\t<div class=\"elementor-widget-wrap elementor-element-populated\">\n\t\t\t\t\t\t<div class=\"elementor-element elementor-element-94ab110 elementor-widget elementor-widget-text-editor\" data-id=\"94ab110\" data-element_type=\"widget\" data-e-type=\"widget\" data-widget_type=\"text-editor.default\">\n\t\t\t\t<div class=\"elementor-widget-container\">\n\t\t\t\t\t\t\t\t\t<p><strong>Rh\u00f4ne-dalen \u00e4r en av Frankrikes stora vinregioner. De r\u00f6da vinerna dominerar men de vita b\u00f6r definitivt inte ignoreras. H\u00e4r i Rh\u00f4ne-dalen finns en stor m\u00e4ngd sm\u00e5 odlare. Men regionen har ocks\u00e5 en del st\u00f6rre producenter som har varit viktiga f\u00f6r att f\u00f6ra Rh\u00f4ne-dalens viner ut i v\u00e4rlden. Vi provade f\u00f6r lite sedan ett stort urval viner fr\u00e5n en av dem, Maison Vidal Fleury, det \u00e4ldsta huset i norra Rh\u00f4ne. P\u00e5 plats med oss i Paris under provningen hade vi Antoine Dupr\u00e9, \u00f6nolog och husets VD sedan januari 2021. Vi ber\u00e4ttar om huset och om vinerna.<\/strong><\/p><p>Vidal-Fleury \u00e4r ett gammalt anrikt vinhus utanf\u00f6r Ampuis i norra Rh\u00f4ne-dalen, grundat redan 1781 av Joseph Vidal. Huset \u00e4r faktiskt den \u00e4ldsta Rh\u00f4ne-producenten som fortfarande \u00e4r ig\u00e5ng. Hundra \u00e5r senare, n\u00e4r Gustave Vidal gifte sig med fr\u00f6ken Fleury i slutet av 1800-talet bytte man namn till Maison Vidal-Fleury. Hemgiften gjorde att paret hade r\u00e5d att \u00e5terplantera sina ving\u00e5rdar efter phylloxerans h\u00e4rjningar.<\/p><p><em><strong>Detta \u00e4r en l\u00e4ngre version av en artikel publicerad p\u00e5 <\/strong><\/em><a href=\"https:\/\/www.forbes.com\/sites\/karlsson\/\" target=\"_blank\" rel=\"noopener\"><em><strong>Forbes.com<\/strong><\/em><\/a><em><strong>.<\/strong><\/em><\/p>\t\t\t\t\t\t\t\t<\/div>\n\t\t\t\t<\/div>\n\t\t\t\t\t<\/div>\n\t\t<\/div>\n\t\t\t\t\t<\/div>\n\t\t<\/section>\n\t\t\t\t<section class=\"elementor-section elementor-top-section elementor-element elementor-element-6ef9bf56 elementor-section-stretched elementor-section-full_width elementor-section-height-default elementor-section-height-default\" data-id=\"6ef9bf56\" data-element_type=\"section\" data-e-type=\"section\" data-settings=\"{&quot;stretch_section&quot;:&quot;section-stretched&quot;}\">\n\t\t\t\t\t\t<div class=\"elementor-container elementor-column-gap-default\">\n\t\t\t\t\t<div class=\"elementor-column elementor-col-100 elementor-top-column elementor-element elementor-element-511c8c0\" data-id=\"511c8c0\" data-element_type=\"column\" data-e-type=\"column\">\n\t\t\t<div class=\"elementor-widget-wrap elementor-element-populated\">\n\t\t\t\t\t\t<div class=\"elementor-element elementor-element-5505310 elementor-widget elementor-widget-image\" data-id=\"5505310\" data-element_type=\"widget\" data-e-type=\"widget\" data-widget_type=\"image.default\">\n\t\t\t\t<div class=\"elementor-widget-container\">\n\t\t\t\t\t\t\t\t\t\t\t\t<figure class=\"wp-caption\">\n\t\t\t\t\t\t\t\t\t\t\t<a href=\"https:\/\/www.bkwine.com\/wp-content\/uploads\/2022\/01\/040513-109-CRW_0988.jpg\" data-elementor-open-lightbox=\"yes\" data-elementor-lightbox-title=\"A Vidal Fleury sign in C\u00f4te R\u00f4tie vineyards in the northern Rhone Valley\" data-e-action-hash=\"#elementor-action%3Aaction%3Dlightbox%26settings%3DeyJpZCI6NDExNzE3LCJ1cmwiOiJodHRwczpcL1wvd3d3LmJrd2luZS5jb21cL3dwLWNvbnRlbnRcL3VwbG9hZHNcLzIwMjJcLzAxXC8wNDA1MTMtMTA5LUNSV18wOTg4LmpwZyJ9\">\n\t\t\t\t\t\t\t<img fetchpriority=\"high\" decoding=\"async\" width=\"598\" height=\"900\" src=\"https:\/\/www.bkwine.com\/wp-content\/uploads\/2022\/01\/040513-109-CRW_0988.jpg\" class=\"attachment-full size-full wp-image-411717\" alt=\"A Vidal Fleury sign in C\u00f4te R\u00f4tie vineyards in the northern Rhone Valley\" \/>\t\t\t\t\t\t\t\t<\/a>\n\t\t\t\t\t\t\t\t\t\t\t<figcaption class=\"widget-image-caption wp-caption-text\">A Vidal Fleury sign in C\u00f4te R\u00f4tie vineyards in the northern Rhone Valley, copyright BKWine Photography<\/figcaption>\n\t\t\t\t\t\t\t\t\t\t<\/figure>\n\t\t\t\t\t\t\t\t\t<\/div>\n\t\t\t\t<\/div>\n\t\t\t\t\t<\/div>\n\t\t<\/div>\n\t\t\t\t\t<\/div>\n\t\t<\/section>\n\t\t\t\t<section class=\"elementor-section elementor-top-section elementor-element elementor-element-512bade elementor-section-boxed elementor-section-height-default elementor-section-height-default\" data-id=\"512bade\" data-element_type=\"section\" data-e-type=\"section\">\n\t\t\t\t\t\t<div class=\"elementor-container elementor-column-gap-default\">\n\t\t\t\t\t<div class=\"elementor-column elementor-col-100 elementor-top-column elementor-element elementor-element-239910c\" data-id=\"239910c\" data-element_type=\"column\" data-e-type=\"column\">\n\t\t\t<div class=\"elementor-widget-wrap elementor-element-populated\">\n\t\t\t\t\t\t<div class=\"elementor-element elementor-element-e3c88fa elementor-widget elementor-widget-text-editor\" data-id=\"e3c88fa\" data-element_type=\"widget\" data-e-type=\"widget\" data-widget_type=\"text-editor.default\">\n\t\t\t\t<div class=\"elementor-widget-container\">\n\t\t\t\t\t\t\t\t\t<p>Vidal-Fleury b\u00f6rjade tidigt exportera sina viner. Thomas Jefferson bes\u00f6kte egendomen 1787, sex \u00e5r efter grundandet, n\u00e4r han var ambassad\u00f6r i Frankrike. USA blev snabbt en viktig kund och \u00e4r idag husets st\u00f6rsta exportmarknad.<\/p><p>Huset \u00e4gs inte l\u00e4ngre av familjen Vidal-Fleury. Det fanns ingen arvinge som ville ta \u00f6ver n\u00e4r Joseph, familjens patriark, dog 1976 efter 68 \u00e5r vid rodret. 1984 s\u00e5lde familjen till ett annat k\u00e4nt hus i Ampuis, Guigal. Det var ett naturligt val. Familjerna hade l\u00e4nge haft ett n\u00e4ra samarbete. 1924 anst\u00e4llde Joseph den unge Etienne Guigal. Guigal stannade i 15 \u00e5r innan han drog iv\u00e4g och grundade sitt eget framg\u00e5ngsrika hus under sitt eget namn. F\u00f6r familjen Vidal-Fleury var det sj\u00e4lvklart att det skulle vara Guigal som tog \u00f6ver.<\/p><p>Vidal-Fleury drivs dock vidare som en sj\u00e4lvst\u00e4ndig producent, inom Guigal-gruppen, med sitt eget, starka varum\u00e4rke. Man byggde en ny och toppmodern vinanl\u00e4ggning 2008. \u00d6ver \u00e5ren har produktionen \u00f6kat och spridit sig ocks\u00e5 till s\u00f6dra Rh\u00f4ne-dalen. Vidal-Fleury producerar nu viner fr\u00e5n ett 20-tal appellationer i b\u00e5de norra och s\u00f6dra Rh\u00f4ne. Produktionen uppg\u00e5r till runt en miljon flaskor.<\/p>\t\t\t\t\t\t\t\t<\/div>\n\t\t\t\t<\/div>\n\t\t\t\t\t<\/div>\n\t\t<\/div>\n\t\t\t\t\t<\/div>\n\t\t<\/section>\n\t\t\t\t<section class=\"elementor-section elementor-top-section elementor-element elementor-element-0e72f64 elementor-section-stretched elementor-section-full_width elementor-section-height-default elementor-section-height-default\" data-id=\"0e72f64\" data-element_type=\"section\" data-e-type=\"section\" data-settings=\"{&quot;stretch_section&quot;:&quot;section-stretched&quot;}\">\n\t\t\t\t\t\t<div class=\"elementor-container elementor-column-gap-default\">\n\t\t\t\t\t<div class=\"elementor-column elementor-col-100 elementor-top-column elementor-element elementor-element-698fc67\" data-id=\"698fc67\" data-element_type=\"column\" data-e-type=\"column\">\n\t\t\t<div class=\"elementor-widget-wrap elementor-element-populated\">\n\t\t\t\t\t\t<div class=\"elementor-element elementor-element-7badfde elementor-widget elementor-widget-image\" data-id=\"7badfde\" data-element_type=\"widget\" data-e-type=\"widget\" data-widget_type=\"image.default\">\n\t\t\t\t<div class=\"elementor-widget-container\">\n\t\t\t\t\t\t\t\t\t\t\t\t<figure class=\"wp-caption\">\n\t\t\t\t\t\t\t\t\t\t\t<a href=\"https:\/\/www.bkwine.com\/wp-content\/uploads\/2022\/01\/040513-108-CRW_0868-new.jpg\" data-elementor-open-lightbox=\"yes\" data-elementor-lightbox-title=\"Steep terrassed vineyards in Cote Rotie with a Guigal sign, Rhone Valley\" data-e-action-hash=\"#elementor-action%3Aaction%3Dlightbox%26settings%3DeyJpZCI6NDExNzI1LCJ1cmwiOiJodHRwczpcL1wvd3d3LmJrd2luZS5jb21cL3dwLWNvbnRlbnRcL3VwbG9hZHNcLzIwMjJcLzAxXC8wNDA1MTMtMTA4LUNSV18wODY4LW5ldy5qcGcifQ%3D%3D\">\n\t\t\t\t\t\t\t<img decoding=\"async\" width=\"1080\" height=\"608\" src=\"https:\/\/www.bkwine.com\/wp-content\/uploads\/2022\/01\/040513-108-CRW_0868-new.jpg\" class=\"attachment-full size-full wp-image-411725\" alt=\"Steep terrassed vineyards in Cote Rotie with a Guigal sign, Rhone Valley\" srcset=\"https:\/\/www.bkwine.com\/wp-content\/uploads\/2022\/01\/040513-108-CRW_0868-new.jpg 1080w, https:\/\/www.bkwine.com\/wp-content\/uploads\/2022\/01\/040513-108-CRW_0868-new-300x169.jpg 300w, https:\/\/www.bkwine.com\/wp-content\/uploads\/2022\/01\/040513-108-CRW_0868-new-768x432.jpg 768w\" sizes=\"(max-width: 1080px) 100vw, 1080px\" \/>\t\t\t\t\t\t\t\t<\/a>\n\t\t\t\t\t\t\t\t\t\t\t<figcaption class=\"widget-image-caption wp-caption-text\">Steep terrassed vineyards in Cote Rotie with a Guigal sign, Rhone Valley, copyright BKWine Photography<\/figcaption>\n\t\t\t\t\t\t\t\t\t\t<\/figure>\n\t\t\t\t\t\t\t\t\t<\/div>\n\t\t\t\t<\/div>\n\t\t\t\t\t<\/div>\n\t\t<\/div>\n\t\t\t\t\t<\/div>\n\t\t<\/section>\n\t\t\t\t<section class=\"elementor-section elementor-top-section elementor-element elementor-element-14427a6 elementor-section-boxed elementor-section-height-default elementor-section-height-default\" data-id=\"14427a6\" data-element_type=\"section\" data-e-type=\"section\">\n\t\t\t\t\t\t<div class=\"elementor-container elementor-column-gap-default\">\n\t\t\t\t\t<div class=\"elementor-column elementor-col-100 elementor-top-column elementor-element elementor-element-e037d5e\" data-id=\"e037d5e\" data-element_type=\"column\" data-e-type=\"column\">\n\t\t\t<div class=\"elementor-widget-wrap elementor-element-populated\">\n\t\t\t\t\t\t<div class=\"elementor-element elementor-element-96e59cc elementor-widget elementor-widget-text-editor\" data-id=\"96e59cc\" data-element_type=\"widget\" data-e-type=\"widget\" data-widget_type=\"text-editor.default\">\n\t\t\t\t<div class=\"elementor-widget-container\">\n\t\t\t\t\t\t\t\t\t<p>\u00c4ven om Vidal-Fleury nu g\u00f6r vin \u00e4ven fr\u00e5n hela den stora Rh\u00f4ne-dalen, mer \u00e4n 220 km fr\u00e5n norr till s\u00f6der, s\u00e5 \u00e4r det den norra delen som \u00e4r hj\u00e4rtat och sj\u00e4len i verksamheten. Vinerna fr\u00e5n norra Rh\u00f4ne har funnits i Vidal-Fleurys sortiment \u00e4nda sedan starten 1781. Det handlar oftast sm\u00e5 kvantiteter &#8211; norra Rh\u00f4ne \u00e4r bara 3500 hektar av hela dalens drygt 70 000 &#8211; men vinerna \u00e4r eftertraktade.<\/p><p>C\u00f4te R\u00f4tie (300 ha), Condrieu (200 ha), Hermitage (130 ha) och Cornas (150 ha) \u00e4r sm\u00e5 och exklusiva appellationer. Saint Joseph och Crozes-Hermitage \u00e4r stora j\u00e4mf\u00f6relsevis, 1200 respektive 1500 hektar. \u00d6verlag \u00e4r sk\u00f6rdeuttagen l\u00e5ga, s\u00e4llan \u00f6ver 40 hl\/ha.<\/p><p>Sammanfattningsvis erbjuder Vidal-Fleury en trevlig och en ganska komplett samling viner fr\u00e5n Rh\u00f4ne-dalen.<\/p>\t\t\t\t\t\t\t\t<\/div>\n\t\t\t\t<\/div>\n\t\t\t\t\t<\/div>\n\t\t<\/div>\n\t\t\t\t\t<\/div>\n\t\t<\/section>\n\t\t\t\t<section class=\"elementor-section elementor-top-section elementor-element elementor-element-b55d5eb elementor-section-stretched elementor-section-full_width elementor-section-height-default elementor-section-height-default\" data-id=\"b55d5eb\" data-element_type=\"section\" data-e-type=\"section\" data-settings=\"{&quot;stretch_section&quot;:&quot;section-stretched&quot;}\">\n\t\t\t\t\t\t<div class=\"elementor-container elementor-column-gap-default\">\n\t\t\t\t\t<div class=\"elementor-column elementor-col-100 elementor-top-column elementor-element elementor-element-77ebfb8\" data-id=\"77ebfb8\" data-element_type=\"column\" data-e-type=\"column\">\n\t\t\t<div class=\"elementor-widget-wrap elementor-element-populated\">\n\t\t\t\t\t\t<div class=\"elementor-element elementor-element-65d2e88 elementor-widget elementor-widget-image\" data-id=\"65d2e88\" data-element_type=\"widget\" data-e-type=\"widget\" data-widget_type=\"image.default\">\n\t\t\t\t<div class=\"elementor-widget-container\">\n\t\t\t\t\t\t\t\t\t\t\t\t<figure class=\"wp-caption\">\n\t\t\t\t\t\t\t\t\t\t\t<a href=\"https:\/\/www.bkwine.com\/wp-content\/uploads\/2022\/01\/20211202_183858.jpg\" data-elementor-open-lightbox=\"yes\" data-elementor-lightbox-title=\"Antoine Dupr\u00e9, oenologist and manager at Maison Vidal Fleury\" data-e-action-hash=\"#elementor-action%3Aaction%3Dlightbox%26settings%3DeyJpZCI6NDExNzE2LCJ1cmwiOiJodHRwczpcL1wvd3d3LmJrd2luZS5jb21cL3dwLWNvbnRlbnRcL3VwbG9hZHNcLzIwMjJcLzAxXC8yMDIxMTIwMl8xODM4NTguanBnIn0%3D\">\n\t\t\t\t\t\t\t<img decoding=\"async\" width=\"1080\" height=\"608\" src=\"https:\/\/www.bkwine.com\/wp-content\/uploads\/2022\/01\/20211202_183858.jpg\" class=\"attachment-full size-full wp-image-411716\" alt=\"Antoine Dupr\u00e9, oenologist and manager at Maison Vidal Fleury\" srcset=\"https:\/\/www.bkwine.com\/wp-content\/uploads\/2022\/01\/20211202_183858.jpg 1080w, https:\/\/www.bkwine.com\/wp-content\/uploads\/2022\/01\/20211202_183858-300x169.jpg 300w, https:\/\/www.bkwine.com\/wp-content\/uploads\/2022\/01\/20211202_183858-768x432.jpg 768w\" sizes=\"(max-width: 1080px) 100vw, 1080px\" \/>\t\t\t\t\t\t\t\t<\/a>\n\t\t\t\t\t\t\t\t\t\t\t<figcaption class=\"widget-image-caption wp-caption-text\">Antoine Dupr\u00e9, oenologist and manager at Maison Vidal Fleury, copyright BKWine Photography<\/figcaption>\n\t\t\t\t\t\t\t\t\t\t<\/figure>\n\t\t\t\t\t\t\t\t\t<\/div>\n\t\t\t\t<\/div>\n\t\t\t\t\t<\/div>\n\t\t<\/div>\n\t\t\t\t\t<\/div>\n\t\t<\/section>\n\t\t\t\t<section class=\"elementor-section elementor-top-section elementor-element elementor-element-d107a44 elementor-section-boxed elementor-section-height-default elementor-section-height-default\" data-id=\"d107a44\" data-element_type=\"section\" data-e-type=\"section\">\n\t\t\t\t\t\t<div class=\"elementor-container elementor-column-gap-default\">\n\t\t\t\t\t<div class=\"elementor-column elementor-col-100 elementor-top-column elementor-element elementor-element-13aa322\" data-id=\"13aa322\" data-element_type=\"column\" data-e-type=\"column\">\n\t\t\t<div class=\"elementor-widget-wrap elementor-element-populated\">\n\t\t\t\t\t\t<div class=\"elementor-element elementor-element-642ac23 elementor-widget elementor-widget-text-editor\" data-id=\"642ac23\" data-element_type=\"widget\" data-e-type=\"widget\" data-widget_type=\"text-editor.default\">\n\t\t\t\t<div class=\"elementor-widget-container\">\n\t\t\t\t\t\t\t\t\t<p>Jag fr\u00e5gade Antoine Dupr\u00e9 om hans planer f\u00f6r framtiden? N\u00e4r det handlar om vinernas smak pratar han mycket om elegans. Han vill ha en elegant frukt, en krispighet, bra balans mellan frukt och eklagring och en mindre markerad str\u00e4vhet. Han pratar om en modernare stil med f\u00f6rsiktigare extrahering. \u201dSyrah \u00e4r redan kraftfull s\u00e5 det r\u00e4cker\u201d, menar han.<\/p><p>Han pratar ocks\u00e5 om <em>le milieu de bouche<\/em>, allts\u00e5 hur vinet k\u00e4nns i munnen efter den initiala \u201dattacken\u201d och hur viktig det \u00e4r f\u00f6r vinets kvalitet. \u201dDet \u00e4r skillnaden p\u00e5 ett bra och ett enklare vin\u201d, s\u00e4ger han. Vinet m\u00e5ste k\u00e4nnas hela v\u00e4gen s\u00e5 att s\u00e4ga, fr\u00e5n den f\u00f6rsta sensationen till eftersmaken. Ett s\u00e4tt att f\u00f6rb\u00e4ttra <em>le milieu de bouche<\/em> \u00e4r, s\u00e4ger han, att h\u00f6ja temperaturen i slutet av j\u00e4sningen till 30\u201335 grader.<\/p><p>Han vill ocks\u00e5 utveckla exporten till l\u00e4nder utanf\u00f6r Europa d\u00e4r de f\u00f6r n\u00e4rvarande inte \u00e4r s\u00e5 mycket representerade, som t.ex. Kina, Ryssland och Brasilien, men ocks\u00e5 bl\u00e5sa nytt liv i den franska s\u00e4ljk\u00e5ren.<\/p>\t\t\t\t\t\t\t\t<\/div>\n\t\t\t\t<\/div>\n\t\t\t\t\t<\/div>\n\t\t<\/div>\n\t\t\t\t\t<\/div>\n\t\t<\/section>\n\t\t\t\t<section class=\"elementor-section elementor-top-section elementor-element elementor-element-4057cb0 elementor-section-stretched elementor-section-full_width elementor-section-height-default elementor-section-height-default\" data-id=\"4057cb0\" data-element_type=\"section\" data-e-type=\"section\" data-settings=\"{&quot;stretch_section&quot;:&quot;section-stretched&quot;}\">\n\t\t\t\t\t\t<div class=\"elementor-container elementor-column-gap-default\">\n\t\t\t\t\t<div class=\"elementor-column elementor-col-100 elementor-top-column elementor-element elementor-element-353a221\" data-id=\"353a221\" data-element_type=\"column\" data-e-type=\"column\">\n\t\t\t<div class=\"elementor-widget-wrap elementor-element-populated\">\n\t\t\t\t\t\t<div class=\"elementor-element elementor-element-74a1c74 elementor-widget elementor-widget-image\" data-id=\"74a1c74\" data-element_type=\"widget\" data-e-type=\"widget\" data-widget_type=\"image.default\">\n\t\t\t\t<div class=\"elementor-widget-container\">\n\t\t\t\t\t\t\t\t\t\t\t\t<figure class=\"wp-caption\">\n\t\t\t\t\t\t\t\t\t\t\t<a href=\"https:\/\/www.bkwine.com\/wp-content\/uploads\/2020\/07\/050414-192-9205.jpg\" data-elementor-open-lightbox=\"yes\" data-elementor-lightbox-title=\"Syrah vineyards in C\u00f4te R\u00f4tie in the northern Rh\u00f4ne Valley\" data-e-action-hash=\"#elementor-action%3Aaction%3Dlightbox%26settings%3DeyJpZCI6MzU0ODYxLCJ1cmwiOiJodHRwczpcL1wvd3d3LmJrd2luZS5jb21cL3dwLWNvbnRlbnRcL3VwbG9hZHNcLzIwMjBcLzA3XC8wNTA0MTQtMTkyLTkyMDUuanBnIn0%3D\">\n\t\t\t\t\t\t\t<img loading=\"lazy\" decoding=\"async\" width=\"1080\" height=\"608\" src=\"https:\/\/www.bkwine.com\/wp-content\/uploads\/2020\/07\/050414-192-9205.jpg\" class=\"attachment-full size-full wp-image-354861\" alt=\"Syrah vineyards in C\u00f4te R\u00f4tie in the northern Rh\u00f4ne Valley\" srcset=\"https:\/\/www.bkwine.com\/wp-content\/uploads\/2020\/07\/050414-192-9205.jpg 1080w, https:\/\/www.bkwine.com\/wp-content\/uploads\/2020\/07\/050414-192-9205-300x169.jpg 300w, https:\/\/www.bkwine.com\/wp-content\/uploads\/2020\/07\/050414-192-9205-768x432.jpg 768w\" sizes=\"(max-width: 1080px) 100vw, 1080px\" \/>\t\t\t\t\t\t\t\t<\/a>\n\t\t\t\t\t\t\t\t\t\t\t<figcaption class=\"widget-image-caption wp-caption-text\">Syrah vineyards in C\u00f4te R\u00f4tie in the northern Rh\u00f4ne Valley, copyright BKWine Photography<\/figcaption>\n\t\t\t\t\t\t\t\t\t\t<\/figure>\n\t\t\t\t\t\t\t\t\t<\/div>\n\t\t\t\t<\/div>\n\t\t\t\t\t<\/div>\n\t\t<\/div>\n\t\t\t\t\t<\/div>\n\t\t<\/section>\n\t\t\t\t<section class=\"elementor-section elementor-top-section elementor-element elementor-element-cf9f2a6 elementor-section-boxed elementor-section-height-default elementor-section-height-default\" data-id=\"cf9f2a6\" data-element_type=\"section\" data-e-type=\"section\">\n\t\t\t\t\t\t<div class=\"elementor-container elementor-column-gap-default\">\n\t\t\t\t\t<div class=\"elementor-column elementor-col-100 elementor-top-column elementor-element elementor-element-a1df971\" data-id=\"a1df971\" data-element_type=\"column\" data-e-type=\"column\">\n\t\t\t<div class=\"elementor-widget-wrap elementor-element-populated\">\n\t\t\t\t\t\t<div class=\"elementor-element elementor-element-e028d99 elementor-widget elementor-widget-text-editor\" data-id=\"e028d99\" data-element_type=\"widget\" data-e-type=\"widget\" data-widget_type=\"text-editor.default\">\n\t\t\t\t<div class=\"elementor-widget-container\">\n\t\t\t\t\t\t\t\t\t<h2>Vita viner norra Rh\u00f4ne-dalen<\/h2><p><em>Alla priser som anges \u00e4r vid ink\u00f6p p\u00e5 plats, hos Vidal-Fleury.<\/em><\/p><p>Tre gr\u00f6na druvor anv\u00e4nds i norra Rh\u00f4ne: viognier, marsanne och roussanne. Viognier anv\u00e4nds till Condrieu och de \u00f6vriga tv\u00e5 blandas eller anv\u00e4nds ensamma till vit Hermitage, vit Crozes-Hermitage, vit Saint Joseph och Saint P\u00e9ray (som alltid \u00e4r vit om \u00e4n ibland mousserande). De vita \u00e4r fantastiska viner, fylliga, n\u00e4stan feta, med bra koncentration och munk\u00e4nsla.<\/p><p><strong>Crozes-Hermitage blanc 2020, Vidal-Fleury<\/strong><\/p><p>95 %, marsanne 5 % roussanne. Nyanserade aromer, blommig, lite citrus, melon, mycket torr, komplex, ganska fyllig smak. Ett bra och klassiskt \u00e5r, s\u00e4ger Antoine Dupr\u00e9, och till\u00e4gger att han g\u00e4rna ser en \u00f6kning av roussanne f\u00f6r att accentuera friskhet och finess. (14,15 euro)<\/p>\t\t\t\t\t\t\t\t<\/div>\n\t\t\t\t<\/div>\n\t\t\t\t\t<\/div>\n\t\t<\/div>\n\t\t\t\t\t<\/div>\n\t\t<\/section>\n\t\t\t\t<section class=\"elementor-section elementor-top-section elementor-element elementor-element-9eabab1 elementor-section-stretched elementor-section-full_width elementor-section-height-default elementor-section-height-default\" data-id=\"9eabab1\" data-element_type=\"section\" data-e-type=\"section\" data-settings=\"{&quot;stretch_section&quot;:&quot;section-stretched&quot;}\">\n\t\t\t\t\t\t<div class=\"elementor-container elementor-column-gap-default\">\n\t\t\t\t\t<div class=\"elementor-column elementor-col-100 elementor-top-column elementor-element elementor-element-8616282\" data-id=\"8616282\" data-element_type=\"column\" data-e-type=\"column\">\n\t\t\t<div class=\"elementor-widget-wrap elementor-element-populated\">\n\t\t\t\t\t\t<div class=\"elementor-element elementor-element-710d7a8 elementor-widget elementor-widget-image\" data-id=\"710d7a8\" data-element_type=\"widget\" data-e-type=\"widget\" data-widget_type=\"image.default\">\n\t\t\t\t<div class=\"elementor-widget-container\">\n\t\t\t\t\t\t\t\t\t\t\t\t<figure class=\"wp-caption\">\n\t\t\t\t\t\t\t\t\t\t\t<a href=\"https:\/\/www.bkwine.com\/wp-content\/uploads\/2022\/01\/20211202_183813.jpg\" data-elementor-open-lightbox=\"yes\" data-elementor-lightbox-title=\"White wines from Vidal Fleury, Crozes-Hermitage, Saint Joseph, Condrieu, Rhone Valley\" data-e-action-hash=\"#elementor-action%3Aaction%3Dlightbox%26settings%3DeyJpZCI6NDExNzE4LCJ1cmwiOiJodHRwczpcL1wvd3d3LmJrd2luZS5jb21cL3dwLWNvbnRlbnRcL3VwbG9hZHNcLzIwMjJcLzAxXC8yMDIxMTIwMl8xODM4MTMuanBnIn0%3D\">\n\t\t\t\t\t\t\t<img loading=\"lazy\" decoding=\"async\" width=\"1080\" height=\"607\" src=\"https:\/\/www.bkwine.com\/wp-content\/uploads\/2022\/01\/20211202_183813.jpg\" class=\"attachment-full size-full wp-image-411718\" alt=\"White wines from Vidal Fleury, Crozes-Hermitage, Saint Joseph, Condrieu, Rhone Valley\" srcset=\"https:\/\/www.bkwine.com\/wp-content\/uploads\/2022\/01\/20211202_183813.jpg 1080w, https:\/\/www.bkwine.com\/wp-content\/uploads\/2022\/01\/20211202_183813-300x169.jpg 300w, https:\/\/www.bkwine.com\/wp-content\/uploads\/2022\/01\/20211202_183813-768x432.jpg 768w\" sizes=\"(max-width: 1080px) 100vw, 1080px\" \/>\t\t\t\t\t\t\t\t<\/a>\n\t\t\t\t\t\t\t\t\t\t\t<figcaption class=\"widget-image-caption wp-caption-text\">White wines from Vidal Fleury, Crozes-Hermitage, Saint Joseph, Condrieu, Rhone Valley, copyright BKWine Photography<\/figcaption>\n\t\t\t\t\t\t\t\t\t\t<\/figure>\n\t\t\t\t\t\t\t\t\t<\/div>\n\t\t\t\t<\/div>\n\t\t\t\t\t<\/div>\n\t\t<\/div>\n\t\t\t\t\t<\/div>\n\t\t<\/section>\n\t\t\t\t<section class=\"elementor-section elementor-top-section elementor-element elementor-element-6906ef6 elementor-section-boxed elementor-section-height-default elementor-section-height-default\" data-id=\"6906ef6\" data-element_type=\"section\" data-e-type=\"section\">\n\t\t\t\t\t\t<div class=\"elementor-container elementor-column-gap-default\">\n\t\t\t\t\t<div class=\"elementor-column elementor-col-100 elementor-top-column elementor-element elementor-element-4ada30e\" data-id=\"4ada30e\" data-element_type=\"column\" data-e-type=\"column\">\n\t\t\t<div class=\"elementor-widget-wrap elementor-element-populated\">\n\t\t\t\t\t\t<div class=\"elementor-element elementor-element-b807fa1 elementor-widget elementor-widget-text-editor\" data-id=\"b807fa1\" data-element_type=\"widget\" data-e-type=\"widget\" data-widget_type=\"text-editor.default\">\n\t\t\t\t<div class=\"elementor-widget-container\">\n\t\t\t\t\t\t\t\t\t<p><strong>Saint Joseph blanc 2020, Vidal-Fleury <\/strong><\/p><p>70 % marsanne, 30 % roussanne. Fantastisk munk\u00e4nsla, definitivt ett strukturvin, lite honung i eftersmaken. J\u00e4sning i st\u00e5ltank f\u00f6r marsanne och i ekfat f\u00f6r roussanne. D\u00e4refter lagras b\u00e5da p\u00e5 ekfat, blandat sm\u00e5 och 600-liters. Malolaktisk j\u00e4sning f\u00f6r roussanne men inte f\u00f6r marsanne. (18,20 euro)<\/p><p><strong>Saint P\u00e9ray 2020, Vidal-Fleury<\/strong><\/p><p>Detta \u00e4r Vidal-Fleurys f\u00f6rsta \u00e5rg\u00e5ng av Saint P\u00e9ray, helt nyligen buteljerad. Druvan \u00e4r marsanne. Ett ungt, aromatiskt vin, trevligt och friskt med bra munk\u00e4nsla och komplexitet. Delvis j\u00e4st p\u00e5 sm\u00e5 ekfat och d\u00e4refter eklagrat. I framtiden ska vinet vinifieras i 600-liters fat f\u00f6r b\u00e4ttre balans mellan ek och frukt, ber\u00e4ttar Antoine. (~13 euro)<\/p>\t\t\t\t\t\t\t\t<\/div>\n\t\t\t\t<\/div>\n\t\t\t\t\t<\/div>\n\t\t<\/div>\n\t\t\t\t\t<\/div>\n\t\t<\/section>\n\t\t\t\t<section class=\"elementor-section elementor-top-section elementor-element elementor-element-e1ff435 elementor-section-stretched elementor-section-full_width elementor-section-height-default elementor-section-height-default\" data-id=\"e1ff435\" data-element_type=\"section\" data-e-type=\"section\" data-settings=\"{&quot;stretch_section&quot;:&quot;section-stretched&quot;}\">\n\t\t\t\t\t\t<div class=\"elementor-container elementor-column-gap-default\">\n\t\t\t\t\t<div class=\"elementor-column elementor-col-100 elementor-top-column elementor-element elementor-element-4dfd589\" data-id=\"4dfd589\" data-element_type=\"column\" data-e-type=\"column\">\n\t\t\t<div class=\"elementor-widget-wrap elementor-element-populated\">\n\t\t\t\t\t\t<div class=\"elementor-element elementor-element-1fc24e8 elementor-widget elementor-widget-image\" data-id=\"1fc24e8\" data-element_type=\"widget\" data-e-type=\"widget\" data-widget_type=\"image.default\">\n\t\t\t\t<div class=\"elementor-widget-container\">\n\t\t\t\t\t\t\t\t\t\t\t\t<figure class=\"wp-caption\">\n\t\t\t\t\t\t\t\t\t\t\t<a href=\"https:\/\/www.bkwine.com\/wp-content\/uploads\/2022\/01\/040513-109-CRW_0989.jpg\" data-elementor-open-lightbox=\"yes\" data-elementor-lightbox-title=\"Vidal Fleury C\u00f4te R\u00f4tie vineyards in the northern Rhone Valley\" data-e-action-hash=\"#elementor-action%3Aaction%3Dlightbox%26settings%3DeyJpZCI6NDExNzE1LCJ1cmwiOiJodHRwczpcL1wvd3d3LmJrd2luZS5jb21cL3dwLWNvbnRlbnRcL3VwbG9hZHNcLzIwMjJcLzAxXC8wNDA1MTMtMTA5LUNSV18wOTg5LmpwZyJ9\">\n\t\t\t\t\t\t\t<img loading=\"lazy\" decoding=\"async\" width=\"598\" height=\"900\" src=\"https:\/\/www.bkwine.com\/wp-content\/uploads\/2022\/01\/040513-109-CRW_0989.jpg\" class=\"attachment-full size-full wp-image-411715\" alt=\"Vidal Fleury C\u00f4te R\u00f4tie vineyards in the northern Rhone Valley\" \/>\t\t\t\t\t\t\t\t<\/a>\n\t\t\t\t\t\t\t\t\t\t\t<figcaption class=\"widget-image-caption wp-caption-text\">Vidal Fleury C\u00f4te R\u00f4tie vineyards in the northern Rhone Valley, copyright BKWine Photography<\/figcaption>\n\t\t\t\t\t\t\t\t\t\t<\/figure>\n\t\t\t\t\t\t\t\t\t<\/div>\n\t\t\t\t<\/div>\n\t\t\t\t\t<\/div>\n\t\t<\/div>\n\t\t\t\t\t<\/div>\n\t\t<\/section>\n\t\t\t\t<section class=\"elementor-section elementor-top-section elementor-element elementor-element-18a4711 elementor-section-boxed elementor-section-height-default elementor-section-height-default\" data-id=\"18a4711\" data-element_type=\"section\" data-e-type=\"section\">\n\t\t\t\t\t\t<div class=\"elementor-container elementor-column-gap-default\">\n\t\t\t\t\t<div class=\"elementor-column elementor-col-100 elementor-top-column elementor-element elementor-element-63fde62\" data-id=\"63fde62\" data-element_type=\"column\" data-e-type=\"column\">\n\t\t\t<div class=\"elementor-widget-wrap elementor-element-populated\">\n\t\t\t\t\t\t<div class=\"elementor-element elementor-element-d702fc3 elementor-widget elementor-widget-text-editor\" data-id=\"d702fc3\" data-element_type=\"widget\" data-e-type=\"widget\" data-widget_type=\"text-editor.default\">\n\t\t\t\t<div class=\"elementor-widget-container\">\n\t\t\t\t\t\t\t\t\t<p><strong>Condrieu 2019, Vidal-Fleury <\/strong><\/p><p>Condrieu gr\u00e4nsar till C\u00f4te R\u00f4tie och druvan \u00e4r den blommiga och aromatiska viognier. Condrieu \u00e4r ett av Frankrikes stora vita viner som n\u00e4mns i samma andetag som Meursault och Montrachet. Aldrig, eller i alla fall s\u00e4llan, blir viognier s\u00e5 bra som den blir i Condrieu.<\/p><p>H\u00e4r har vi en fyllig kroppen och en stor munk\u00e4nsla samtidigt som vinet \u00e4r knastertorrt och friskt. Aromerna drar mot n\u00f6tter, blommor, aprikos. Kroppen \u00e4r strukturerad med en l\u00e5ng smak, en liten s\u00e4lta i eftersmaken och en h\u00e4rligt l\u00e4skande frukt. Vinet har genomg\u00e5tt malolaktisk j\u00e4sning. (33 euro)<\/p><h2>R\u00f6da viner, norra Rh\u00f4ne-dalen<\/h2><p>I norra Rh\u00f4ne \u00e4r syrah den enda bl\u00e5 druvan och det \u00e4r h\u00e4r den visar sig fr\u00e5n sin mest typiska sida med de karakt\u00e4rsdrag som man oftast f\u00f6rknippar med druvan.\u00a0<\/p><p><strong>Crozes-Hermitage rouge 2019, Vidal-Fleury<\/strong><\/p><p>Gott och opretenti\u00f6st vin som jag g\u00e4rna dricker ungt f\u00f6r att njuta av den knapriga, r\u00f6da frukten. Bra intensitet i aromerna, ren och fin frukt. (14,17 euro)<\/p><p><strong>Crozes-Hermitage rouge 2020<\/strong>, <strong>Vidal-Fleury<\/strong><\/p><p>Typisk syrah-stil med liten beska p\u00e5 slutet, kryddighet och gener\u00f6st med m\u00f6rka b\u00e4r. Typiskt f\u00f6r sin appellation, menar Antoine. Just den lilla kryddigheten \u00e4r precis vad han vill ha i en Crozes-Hermitage.<\/p>\t\t\t\t\t\t\t\t<\/div>\n\t\t\t\t<\/div>\n\t\t\t\t\t<\/div>\n\t\t<\/div>\n\t\t\t\t\t<\/div>\n\t\t<\/section>\n\t\t\t\t<section class=\"elementor-section elementor-top-section elementor-element elementor-element-4cc0fce elementor-section-stretched elementor-section-full_width elementor-section-height-default elementor-section-height-default\" data-id=\"4cc0fce\" data-element_type=\"section\" data-e-type=\"section\" data-settings=\"{&quot;stretch_section&quot;:&quot;section-stretched&quot;}\">\n\t\t\t\t\t\t<div class=\"elementor-container elementor-column-gap-default\">\n\t\t\t\t\t<div class=\"elementor-column elementor-col-100 elementor-top-column elementor-element elementor-element-6e7a250\" data-id=\"6e7a250\" data-element_type=\"column\" data-e-type=\"column\">\n\t\t\t<div class=\"elementor-widget-wrap elementor-element-populated\">\n\t\t\t\t\t\t<div class=\"elementor-element elementor-element-8417615 elementor-widget elementor-widget-image\" data-id=\"8417615\" data-element_type=\"widget\" data-e-type=\"widget\" data-widget_type=\"image.default\">\n\t\t\t\t<div class=\"elementor-widget-container\">\n\t\t\t\t\t\t\t\t\t\t\t\t<figure class=\"wp-caption\">\n\t\t\t\t\t\t\t\t\t\t\t<a href=\"https:\/\/www.bkwine.com\/wp-content\/uploads\/2022\/01\/20211202_183656.jpg\" data-elementor-open-lightbox=\"yes\" data-elementor-lightbox-title=\"Crozes-Hermitage and Saint Joseph from Vidal Fleury, Rhone Valley\" data-e-action-hash=\"#elementor-action%3Aaction%3Dlightbox%26settings%3DeyJpZCI6NDExNzE5LCJ1cmwiOiJodHRwczpcL1wvd3d3LmJrd2luZS5jb21cL3dwLWNvbnRlbnRcL3VwbG9hZHNcLzIwMjJcLzAxXC8yMDIxMTIwMl8xODM2NTYuanBnIn0%3D\">\n\t\t\t\t\t\t\t<img loading=\"lazy\" decoding=\"async\" width=\"1080\" height=\"607\" src=\"https:\/\/www.bkwine.com\/wp-content\/uploads\/2022\/01\/20211202_183656.jpg\" class=\"attachment-full size-full wp-image-411719\" alt=\"Crozes-Hermitage and Saint Joseph from Vidal Fleury, Rhone Valley\" srcset=\"https:\/\/www.bkwine.com\/wp-content\/uploads\/2022\/01\/20211202_183656.jpg 1080w, https:\/\/www.bkwine.com\/wp-content\/uploads\/2022\/01\/20211202_183656-300x169.jpg 300w, https:\/\/www.bkwine.com\/wp-content\/uploads\/2022\/01\/20211202_183656-768x432.jpg 768w\" sizes=\"(max-width: 1080px) 100vw, 1080px\" \/>\t\t\t\t\t\t\t\t<\/a>\n\t\t\t\t\t\t\t\t\t\t\t<figcaption class=\"widget-image-caption wp-caption-text\">Crozes-Hermitage and Saint Joseph from Vidal Fleury, Rhone Valley, copyright BKWine Photography<\/figcaption>\n\t\t\t\t\t\t\t\t\t\t<\/figure>\n\t\t\t\t\t\t\t\t\t<\/div>\n\t\t\t\t<\/div>\n\t\t\t\t\t<\/div>\n\t\t<\/div>\n\t\t\t\t\t<\/div>\n\t\t<\/section>\n\t\t\t\t<section class=\"elementor-section elementor-top-section elementor-element elementor-element-e85f786 elementor-section-boxed elementor-section-height-default elementor-section-height-default\" data-id=\"e85f786\" data-element_type=\"section\" data-e-type=\"section\">\n\t\t\t\t\t\t<div class=\"elementor-container elementor-column-gap-default\">\n\t\t\t\t\t<div class=\"elementor-column elementor-col-100 elementor-top-column elementor-element elementor-element-2d8e36c\" data-id=\"2d8e36c\" data-element_type=\"column\" data-e-type=\"column\">\n\t\t\t<div class=\"elementor-widget-wrap elementor-element-populated\">\n\t\t\t\t\t\t<div class=\"elementor-element elementor-element-992db1a elementor-widget elementor-widget-text-editor\" data-id=\"992db1a\" data-element_type=\"widget\" data-e-type=\"widget\" data-widget_type=\"text-editor.default\">\n\t\t\t\t<div class=\"elementor-widget-container\">\n\t\t\t\t\t\t\t\t\t<p><strong>Saint Joseph rouge 2018, Vidal-Fleury<\/strong><\/p><p>Saint Joseph \u00e4r en f\u00f6rh\u00e5llandevis stor appellation som str\u00e4cker sig \u00e4nda fr\u00e5n Condrieu ner till Cornas p\u00e5 flodens v\u00e4stra sida. Detta vin kommer fr\u00e5n den norra delen av AOC. H\u00e4r finns en del tannin, en bra struktur och syra och en liten mjukhet i slutet. Fin frukt, viss fyllighet. (16,20 euro)<\/p><p><strong>Cornas 2018, Vidal-Fleury<\/strong><\/p><p>Utm\u00e4rkt syrah -karakt\u00e4r med pepprighet, charkuterier och violer. Smakrik och bra balans trots sin ungdom. Friskhet i slutet. Servera till ett ankbr\u00f6st eller en kaninpat\u00e9, tycker Antoine (36,50 euro)<\/p>\t\t\t\t\t\t\t\t<\/div>\n\t\t\t\t<\/div>\n\t\t\t\t\t<\/div>\n\t\t<\/div>\n\t\t\t\t\t<\/div>\n\t\t<\/section>\n\t\t\t\t<section class=\"elementor-section elementor-top-section elementor-element elementor-element-cfff294 elementor-section-stretched elementor-section-full_width elementor-section-height-default elementor-section-height-default\" data-id=\"cfff294\" data-element_type=\"section\" data-e-type=\"section\" data-settings=\"{&quot;stretch_section&quot;:&quot;section-stretched&quot;}\">\n\t\t\t\t\t\t<div class=\"elementor-container elementor-column-gap-default\">\n\t\t\t\t\t<div class=\"elementor-column elementor-col-100 elementor-top-column elementor-element elementor-element-253d65c\" data-id=\"253d65c\" data-element_type=\"column\" data-e-type=\"column\">\n\t\t\t<div class=\"elementor-widget-wrap elementor-element-populated\">\n\t\t\t\t\t\t<div class=\"elementor-element elementor-element-a81342f elementor-widget elementor-widget-image\" data-id=\"a81342f\" data-element_type=\"widget\" data-e-type=\"widget\" data-widget_type=\"image.default\">\n\t\t\t\t<div class=\"elementor-widget-container\">\n\t\t\t\t\t\t\t\t\t\t\t\t<figure class=\"wp-caption\">\n\t\t\t\t\t\t\t\t\t\t\t<a href=\"https:\/\/www.bkwine.com\/wp-content\/uploads\/2022\/01\/20211202_183732.jpg\" data-elementor-open-lightbox=\"yes\" data-elementor-lightbox-title=\"Cornas and Hermitage from Maison Vidal-Fleury\" data-e-action-hash=\"#elementor-action%3Aaction%3Dlightbox%26settings%3DeyJpZCI6NDExNzIxLCJ1cmwiOiJodHRwczpcL1wvd3d3LmJrd2luZS5jb21cL3dwLWNvbnRlbnRcL3VwbG9hZHNcLzIwMjJcLzAxXC8yMDIxMTIwMl8xODM3MzIuanBnIn0%3D\">\n\t\t\t\t\t\t\t<img loading=\"lazy\" decoding=\"async\" width=\"1080\" height=\"607\" src=\"https:\/\/www.bkwine.com\/wp-content\/uploads\/2022\/01\/20211202_183732.jpg\" class=\"attachment-full size-full wp-image-411721\" alt=\"Cornas and Hermitage from Maison Vidal-Fleury\" srcset=\"https:\/\/www.bkwine.com\/wp-content\/uploads\/2022\/01\/20211202_183732.jpg 1080w, https:\/\/www.bkwine.com\/wp-content\/uploads\/2022\/01\/20211202_183732-300x169.jpg 300w, https:\/\/www.bkwine.com\/wp-content\/uploads\/2022\/01\/20211202_183732-768x432.jpg 768w\" sizes=\"(max-width: 1080px) 100vw, 1080px\" \/>\t\t\t\t\t\t\t\t<\/a>\n\t\t\t\t\t\t\t\t\t\t\t<figcaption class=\"widget-image-caption wp-caption-text\">Cornas and Hermitage from Maison Vidal-Fleury, Rhone Valley, copyright BKWine Photography<\/figcaption>\n\t\t\t\t\t\t\t\t\t\t<\/figure>\n\t\t\t\t\t\t\t\t\t<\/div>\n\t\t\t\t<\/div>\n\t\t\t\t\t<\/div>\n\t\t<\/div>\n\t\t\t\t\t<\/div>\n\t\t<\/section>\n\t\t\t\t<section class=\"elementor-section elementor-top-section elementor-element elementor-element-7d5893b elementor-section-boxed elementor-section-height-default elementor-section-height-default\" data-id=\"7d5893b\" data-element_type=\"section\" data-e-type=\"section\">\n\t\t\t\t\t\t<div class=\"elementor-container elementor-column-gap-default\">\n\t\t\t\t\t<div class=\"elementor-column elementor-col-100 elementor-top-column elementor-element elementor-element-54b2b54\" data-id=\"54b2b54\" data-element_type=\"column\" data-e-type=\"column\">\n\t\t\t<div class=\"elementor-widget-wrap elementor-element-populated\">\n\t\t\t\t\t\t<div class=\"elementor-element elementor-element-3a1630b elementor-widget elementor-widget-text-editor\" data-id=\"3a1630b\" data-element_type=\"widget\" data-e-type=\"widget\" data-widget_type=\"text-editor.default\">\n\t\t\t\t<div class=\"elementor-widget-container\">\n\t\t\t\t\t\t\t\t\t<p><strong>C\u00f4te R\u00f4tie Brune <\/strong><strong>&amp; Blonde 2018, Vidal-Fleury<\/strong><\/p><p>Syrah fr\u00e5n norra Rh\u00f4ne n\u00e4r den \u00e4r som mest typisk. L\u00e5ng, komplex smak med druvans utm\u00e4rkande drag av asfalt\/tj\u00e4ra, svartpeppar, violer. God, l\u00e4skande m\u00f6rk frukt, t\u00e4t struktur med tannin. Musten j\u00e4ser med naturj\u00e4sten och j\u00e4sningstemperaturen h\u00e5lls varm, 30 grader C. Tv\u00e5 \u00e5rs lagring p\u00e5 ekfat, sm\u00e5 och stora. (40 euro)<\/p><p>Druvorna v\u00e4xer h\u00e4r p\u00e5 halsbrytande branta sluttningar i en varierad granithaltig jordm\u00e5n. Det finns tv\u00e5 huvudtyper, norra delen kallas C\u00f4te Brune och har stort inslag av j\u00e4rnrik glimmerskiffer. Den s\u00f6dra delen, C\u00f4te Blonde, best\u00e5r av gnejs och lerblandad lera. Om man vill f\u00e5r man lov att blanda in en liten m\u00e4ngd viognier i sin C\u00f4te R\u00f4tie<\/p>\t\t\t\t\t\t\t\t<\/div>\n\t\t\t\t<\/div>\n\t\t\t\t\t<\/div>\n\t\t<\/div>\n\t\t\t\t\t<\/div>\n\t\t<\/section>\n\t\t\t\t<section class=\"elementor-section elementor-top-section elementor-element elementor-element-32347c0 elementor-section-stretched elementor-section-full_width elementor-section-height-default elementor-section-height-default\" data-id=\"32347c0\" data-element_type=\"section\" data-e-type=\"section\" data-settings=\"{&quot;stretch_section&quot;:&quot;section-stretched&quot;}\">\n\t\t\t\t\t\t<div class=\"elementor-container elementor-column-gap-default\">\n\t\t\t\t\t<div class=\"elementor-column elementor-col-100 elementor-top-column elementor-element elementor-element-e31dca1\" data-id=\"e31dca1\" data-element_type=\"column\" data-e-type=\"column\">\n\t\t\t<div class=\"elementor-widget-wrap elementor-element-populated\">\n\t\t\t\t\t\t<div class=\"elementor-element elementor-element-a81e5ca elementor-widget elementor-widget-image\" data-id=\"a81e5ca\" data-element_type=\"widget\" data-e-type=\"widget\" data-widget_type=\"image.default\">\n\t\t\t\t<div class=\"elementor-widget-container\">\n\t\t\t\t\t\t\t\t\t\t\t\t<figure class=\"wp-caption\">\n\t\t\t\t\t\t\t\t\t\t\t<a href=\"https:\/\/www.bkwine.com\/wp-content\/uploads\/2022\/01\/20211202_184212.jpg\" data-elementor-open-lightbox=\"yes\" data-elementor-lightbox-title=\"Cote Rotie Brune et Blonde de Vidal Fleury\" data-e-action-hash=\"#elementor-action%3Aaction%3Dlightbox%26settings%3DeyJpZCI6NDExNzIwLCJ1cmwiOiJodHRwczpcL1wvd3d3LmJrd2luZS5jb21cL3dwLWNvbnRlbnRcL3VwbG9hZHNcLzIwMjJcLzAxXC8yMDIxMTIwMl8xODQyMTIuanBnIn0%3D\">\n\t\t\t\t\t\t\t<img loading=\"lazy\" decoding=\"async\" width=\"1080\" height=\"607\" src=\"https:\/\/www.bkwine.com\/wp-content\/uploads\/2022\/01\/20211202_184212.jpg\" class=\"attachment-full size-full wp-image-411720\" alt=\"Cote Rotie Brune et Blonde de Vidal Fleury\" srcset=\"https:\/\/www.bkwine.com\/wp-content\/uploads\/2022\/01\/20211202_184212.jpg 1080w, https:\/\/www.bkwine.com\/wp-content\/uploads\/2022\/01\/20211202_184212-300x169.jpg 300w, https:\/\/www.bkwine.com\/wp-content\/uploads\/2022\/01\/20211202_184212-768x432.jpg 768w\" sizes=\"(max-width: 1080px) 100vw, 1080px\" \/>\t\t\t\t\t\t\t\t<\/a>\n\t\t\t\t\t\t\t\t\t\t\t<figcaption class=\"widget-image-caption wp-caption-text\">Cote Rotie Brune et Blonde de Vidal Fleury, Rhone Valley, copyright BKWine Photography<\/figcaption>\n\t\t\t\t\t\t\t\t\t\t<\/figure>\n\t\t\t\t\t\t\t\t\t<\/div>\n\t\t\t\t<\/div>\n\t\t\t\t\t<\/div>\n\t\t<\/div>\n\t\t\t\t\t<\/div>\n\t\t<\/section>\n\t\t\t\t<section class=\"elementor-section elementor-top-section elementor-element elementor-element-67a135b elementor-section-boxed elementor-section-height-default elementor-section-height-default\" data-id=\"67a135b\" data-element_type=\"section\" data-e-type=\"section\">\n\t\t\t\t\t\t<div class=\"elementor-container elementor-column-gap-default\">\n\t\t\t\t\t<div class=\"elementor-column elementor-col-100 elementor-top-column elementor-element elementor-element-b5fe1cc\" data-id=\"b5fe1cc\" data-element_type=\"column\" data-e-type=\"column\">\n\t\t\t<div class=\"elementor-widget-wrap elementor-element-populated\">\n\t\t\t\t\t\t<div class=\"elementor-element elementor-element-2bd4eee elementor-widget elementor-widget-text-editor\" data-id=\"2bd4eee\" data-element_type=\"widget\" data-e-type=\"widget\" data-widget_type=\"text-editor.default\">\n\t\t\t\t<div class=\"elementor-widget-container\">\n\t\t\t\t\t\t\t\t\t<p><strong>C\u00f4te R\u00f4tie Blonde La Chatillonne 2016, Vidal-Fleury<\/strong><\/p><p>Juvelen i kronan, den lilla pl\u00e4tten p\u00e5 0,8 hektar som kallas La Chatillonne, producerar 300 l\u00e5dor om \u00e5ret. Syrah och viognier (12 %) \u00e4r planterade tillsammans i ving\u00e5rden. J\u00e4sning i 228 liters nya ekfat, Ett elegant vin med intensitet och koncentration, en liten l\u00e4tt ekighet och varm tobak. (84 euro)<\/p>\t\t\t\t\t\t\t\t<\/div>\n\t\t\t\t<\/div>\n\t\t\t\t\t<\/div>\n\t\t<\/div>\n\t\t\t\t\t<\/div>\n\t\t<\/section>\n\t\t\t\t<section class=\"elementor-section elementor-top-section elementor-element elementor-element-5ad1739 elementor-section-stretched elementor-section-full_width elementor-section-height-default elementor-section-height-default\" data-id=\"5ad1739\" data-element_type=\"section\" data-e-type=\"section\" data-settings=\"{&quot;stretch_section&quot;:&quot;section-stretched&quot;}\">\n\t\t\t\t\t\t<div class=\"elementor-container elementor-column-gap-default\">\n\t\t\t\t\t<div class=\"elementor-column elementor-col-100 elementor-top-column elementor-element elementor-element-69e7460\" data-id=\"69e7460\" data-element_type=\"column\" data-e-type=\"column\">\n\t\t\t<div class=\"elementor-widget-wrap elementor-element-populated\">\n\t\t\t\t\t\t<div class=\"elementor-element elementor-element-5f2cb3f elementor-widget elementor-widget-image\" data-id=\"5f2cb3f\" data-element_type=\"widget\" data-e-type=\"widget\" data-widget_type=\"image.default\">\n\t\t\t\t<div class=\"elementor-widget-container\">\n\t\t\t\t\t\t\t\t\t\t\t\t<figure class=\"wp-caption\">\n\t\t\t\t\t\t\t\t\t\t\t<a href=\"https:\/\/www.bkwine.com\/wp-content\/uploads\/2022\/01\/20211202_183756.jpg\" data-elementor-open-lightbox=\"yes\" data-elementor-lightbox-title=\"La Chatillon, Cote Blonde, Cote Rotie, Vidal Fleury, Rhone Valley\" data-e-action-hash=\"#elementor-action%3Aaction%3Dlightbox%26settings%3DeyJpZCI6NDExNzI3LCJ1cmwiOiJodHRwczpcL1wvd3d3LmJrd2luZS5jb21cL3dwLWNvbnRlbnRcL3VwbG9hZHNcLzIwMjJcLzAxXC8yMDIxMTIwMl8xODM3NTYuanBnIn0%3D\">\n\t\t\t\t\t\t\t<img loading=\"lazy\" decoding=\"async\" width=\"1080\" height=\"607\" src=\"https:\/\/www.bkwine.com\/wp-content\/uploads\/2022\/01\/20211202_183756.jpg\" class=\"attachment-full size-full wp-image-411727\" alt=\"La Chatillon, Cote Blonde, Cote Rotie, Vidal Fleury, Rhone Valley\" srcset=\"https:\/\/www.bkwine.com\/wp-content\/uploads\/2022\/01\/20211202_183756.jpg 1080w, https:\/\/www.bkwine.com\/wp-content\/uploads\/2022\/01\/20211202_183756-300x169.jpg 300w, https:\/\/www.bkwine.com\/wp-content\/uploads\/2022\/01\/20211202_183756-768x432.jpg 768w\" sizes=\"(max-width: 1080px) 100vw, 1080px\" \/>\t\t\t\t\t\t\t\t<\/a>\n\t\t\t\t\t\t\t\t\t\t\t<figcaption class=\"widget-image-caption wp-caption-text\">La Chatillon, Cote Blonde, Cote Rotie, Vidal Fleury, Rhone Valley, copyright BKWine Photography<\/figcaption>\n\t\t\t\t\t\t\t\t\t\t<\/figure>\n\t\t\t\t\t\t\t\t\t<\/div>\n\t\t\t\t<\/div>\n\t\t\t\t\t<\/div>\n\t\t<\/div>\n\t\t\t\t\t<\/div>\n\t\t<\/section>\n\t\t\t\t<section class=\"elementor-section elementor-top-section elementor-element elementor-element-839387a elementor-section-boxed elementor-section-height-default elementor-section-height-default\" data-id=\"839387a\" data-element_type=\"section\" data-e-type=\"section\">\n\t\t\t\t\t\t<div class=\"elementor-container elementor-column-gap-default\">\n\t\t\t\t\t<div class=\"elementor-column elementor-col-100 elementor-top-column elementor-element elementor-element-68dd76a\" data-id=\"68dd76a\" data-element_type=\"column\" data-e-type=\"column\">\n\t\t\t<div class=\"elementor-widget-wrap elementor-element-populated\">\n\t\t\t\t\t\t<div class=\"elementor-element elementor-element-c02e103 elementor-widget elementor-widget-text-editor\" data-id=\"c02e103\" data-element_type=\"widget\" data-e-type=\"widget\" data-widget_type=\"text-editor.default\">\n\t\t\t\t<div class=\"elementor-widget-container\">\n\t\t\t\t\t\t\t\t\t<p><strong>Hermitage 2019, Vidal Fleury <\/strong><\/p><p>Hermitage, ett legendariskt vin med en l\u00e5ng historia. Hermitage-berget \u00e4r en dramatiskt brant sluttning som bildar bakgrund till den lilla staden Tain l\u2019Hermitage. K\u00e4nt som mycket lagringsdugligt men f\u00f6r den som tycker om syrah kan den drickas med behag \u00e4ven efter bara ett par \u00e5r.<\/p><p>Stramt och elegant vin, tanninrikt men massvis med m\u00f6rk frukt (svarta vinb\u00e4r, plommon\u2026) som balanserar. Stor koncentration och l\u00e5ng smak. (~36 euro)<\/p>\t\t\t\t\t\t\t\t<\/div>\n\t\t\t\t<\/div>\n\t\t\t\t\t<\/div>\n\t\t<\/div>\n\t\t\t\t\t<\/div>\n\t\t<\/section>\n\t\t\t\t<section class=\"elementor-section elementor-top-section elementor-element elementor-element-2813cfc elementor-section-stretched elementor-section-full_width elementor-section-height-default elementor-section-height-default\" data-id=\"2813cfc\" data-element_type=\"section\" data-e-type=\"section\" data-settings=\"{&quot;stretch_section&quot;:&quot;section-stretched&quot;}\">\n\t\t\t\t\t\t<div class=\"elementor-container elementor-column-gap-default\">\n\t\t\t\t\t<div class=\"elementor-column elementor-col-100 elementor-top-column elementor-element elementor-element-654e1ea\" data-id=\"654e1ea\" data-element_type=\"column\" data-e-type=\"column\">\n\t\t\t<div class=\"elementor-widget-wrap elementor-element-populated\">\n\t\t\t\t\t\t<div class=\"elementor-element elementor-element-1b6894c elementor-widget elementor-widget-image\" data-id=\"1b6894c\" data-element_type=\"widget\" data-e-type=\"widget\" data-widget_type=\"image.default\">\n\t\t\t\t<div class=\"elementor-widget-container\">\n\t\t\t\t\t\t\t\t\t\t\t\t<figure class=\"wp-caption\">\n\t\t\t\t\t\t\t\t\t\t\t<a href=\"https:\/\/www.bkwine.com\/wp-content\/uploads\/2021\/05\/040514-110-CRW_1076-new.jpg\" data-elementor-open-lightbox=\"yes\" data-elementor-lightbox-title=\"The small town of Tain l&#039;Hermitage and the Hill, on the Rhone River\" data-e-action-hash=\"#elementor-action%3Aaction%3Dlightbox%26settings%3DeyJpZCI6Mzg3OTMwLCJ1cmwiOiJodHRwczpcL1wvd3d3LmJrd2luZS5jb21cL3dwLWNvbnRlbnRcL3VwbG9hZHNcLzIwMjFcLzA1XC8wNDA1MTQtMTEwLUNSV18xMDc2LW5ldy5qcGcifQ%3D%3D\">\n\t\t\t\t\t\t\t<img loading=\"lazy\" decoding=\"async\" width=\"1080\" height=\"608\" src=\"https:\/\/www.bkwine.com\/wp-content\/uploads\/2021\/05\/040514-110-CRW_1076-new.jpg\" class=\"attachment-full size-full wp-image-387930\" alt=\"The small town of Tain l&#039;Hermitage and the Hill on the Rhone river\" srcset=\"https:\/\/www.bkwine.com\/wp-content\/uploads\/2021\/05\/040514-110-CRW_1076-new.jpg 1080w, https:\/\/www.bkwine.com\/wp-content\/uploads\/2021\/05\/040514-110-CRW_1076-new-300x169.jpg 300w, https:\/\/www.bkwine.com\/wp-content\/uploads\/2021\/05\/040514-110-CRW_1076-new-768x432.jpg 768w\" sizes=\"(max-width: 1080px) 100vw, 1080px\" \/>\t\t\t\t\t\t\t\t<\/a>\n\t\t\t\t\t\t\t\t\t\t\t<figcaption class=\"widget-image-caption wp-caption-text\">The small town of Tain l'Hermitage and the Hill on the Rhone river, copyright BKWine Photography<\/figcaption>\n\t\t\t\t\t\t\t\t\t\t<\/figure>\n\t\t\t\t\t\t\t\t\t<\/div>\n\t\t\t\t<\/div>\n\t\t\t\t\t<\/div>\n\t\t<\/div>\n\t\t\t\t\t<\/div>\n\t\t<\/section>\n\t\t\t\t<section class=\"elementor-section elementor-top-section elementor-element elementor-element-5fd913b elementor-section-boxed elementor-section-height-default elementor-section-height-default\" data-id=\"5fd913b\" data-element_type=\"section\" data-e-type=\"section\">\n\t\t\t\t\t\t<div class=\"elementor-container elementor-column-gap-default\">\n\t\t\t\t\t<div class=\"elementor-column elementor-col-100 elementor-top-column elementor-element elementor-element-dd8d2fe\" data-id=\"dd8d2fe\" data-element_type=\"column\" data-e-type=\"column\">\n\t\t\t<div class=\"elementor-widget-wrap elementor-element-populated\">\n\t\t\t\t\t\t<div class=\"elementor-element elementor-element-62243ef elementor-widget elementor-widget-text-editor\" data-id=\"62243ef\" data-element_type=\"widget\" data-e-type=\"widget\" data-widget_type=\"text-editor.default\">\n\t\t\t\t<div class=\"elementor-widget-container\">\n\t\t\t\t\t\t\t\t\t<h2>S\u00f6dra Rh\u00f4ne-dalen<\/h2><p>Vidal Fleury g\u00f6r \u00e4ven viner fr\u00e5n Ch\u00e2teauneuf-du-Pape, Vacqueyras, Tavel, Cairanne, C\u00f4tes-du-Rh\u00f4ne Villages, Ventoux och Muscat de Beaumes-de-Venise. H\u00e4r \u00e4r ett litet urval av dessa viner fr\u00e5n s\u00f6dra Rh\u00f4ne-dalen. Som ofta i s\u00f6dra Rh\u00f4ne \u00e4r vinerna b\u00e5de smakrika och prisv\u00e4rda.<\/p><p><strong>C\u00f4tes du Rh\u00f4ne blanc 2020, Vidal-Fleury<\/strong><\/p><p>Smakrikt vin med en liten blommighet och gula persikor, gjort med viognier och grenache blanc. Fylligt, bra eftersmak med friskhet. ~11 euro<\/p><p><strong>C\u00f4tes du Rh\u00f4ne rouge 2018<\/strong>, <strong>Vidal-Fleury<\/strong><\/p><p>Grenache dominerar och kompletteras av syrah, mourv\u00e8dre och carignan. Trevlig, v\u00e4lgjort vin med r\u00f6da b\u00e4r, k\u00f6rsb\u00e4r och en liten \u00f6rtighet som \u00e4r typisk f\u00f6r appellationen. ~10 euro<\/p><p><strong>Gigondas 2018, Vidal Fleury<\/strong><\/p><p>Kraftig grenache, ganska m\u00f6rk i f\u00e4rgen och med gener\u00f6s frukt och pepprighet. Mycket god och l\u00e4ttdrucken men strukturerad. ~16 euro<\/p><h2>Vidal Fleury i Sverige<\/h2><p><em>P\u00e5 Systembolaget finns Vidal-Fleurys C\u00f4tes du Rh\u00f4ne Villages 2018<\/em><em>, 139 kr (nr 71212), import\u00f6r <\/em><em>Valid Wines Sweden AB<\/em><em>.<\/em><\/p>\t\t\t\t\t\t\t\t<\/div>\n\t\t\t\t<\/div>\n\t\t\t\t<div class=\"elementor-element elementor-element-72e95f1 elementor-widget elementor-widget-text-editor\" data-id=\"72e95f1\" data-element_type=\"widget\" data-e-type=\"widget\" data-widget_type=\"text-editor.default\">\n\t\t\t\t<div class=\"elementor-widget-container\">\n\t\t\t\t\t\t\t\t\t<h3>Res<strong><br \/><\/strong><\/h3><p><strong>Rh\u00f4nedalen \u00e4r en mycket vacker region i s\u00f6dra Frankrike. S\u00f6dra delen \u00e4r typiskt charmerande provensalsk. Du kan <a href=\"https:\/\/www.bkwinevinresor.com\/aktuella-resor\/vinresa-rhone-chateauneuf-du-pape\/\" target=\"_blank\" rel=\"noopener\">uppt\u00e4cka vinerna och gastronomin p\u00e5 en vinresa i Rh\u00f4nedalen<\/a> med BKWine.<\/strong><\/p><p style=\"text-align: center;\"><em>Res till v\u00e4rldens vindistrikt med experterna p\u00e5 vin och specialisten p\u00e5 vinresor.<\/em><\/p><p style=\"text-align: center;\"><em>Vackra vinresor. BKWine vinresor.<\/em><\/p>\t\t\t\t\t\t\t\t<\/div>\n\t\t\t\t<\/div>\n\t\t\t\t\t<\/div>\n\t\t<\/div>\n\t\t\t\t\t<\/div>\n\t\t<\/section>\n\t\t\t\t<section class=\"elementor-section elementor-top-section elementor-element elementor-element-46b48da elementor-section-stretched elementor-section-full_width elementor-section-height-default elementor-section-height-default\" data-id=\"46b48da\" data-element_type=\"section\" data-e-type=\"section\" data-settings=\"{&quot;stretch_section&quot;:&quot;section-stretched&quot;}\">\n\t\t\t\t\t\t<div class=\"elementor-container elementor-column-gap-default\">\n\t\t\t\t\t<div class=\"elementor-column elementor-col-100 elementor-top-column elementor-element elementor-element-8d4dc9c\" data-id=\"8d4dc9c\" data-element_type=\"column\" data-e-type=\"column\">\n\t\t\t<div class=\"elementor-widget-wrap elementor-element-populated\">\n\t\t\t\t\t\t<div class=\"elementor-element elementor-element-5d1600b elementor-widget elementor-widget-image\" data-id=\"5d1600b\" data-element_type=\"widget\" data-e-type=\"widget\" data-widget_type=\"image.default\">\n\t\t\t\t<div class=\"elementor-widget-container\">\n\t\t\t\t\t\t\t\t\t\t\t\t<figure class=\"wp-caption\">\n\t\t\t\t\t\t\t\t\t\t\t<a href=\"https:\/\/www.bkwine.com\/wp-content\/uploads\/2022\/01\/20211221_211350.jpg\" data-elementor-open-lightbox=\"yes\" data-elementor-lightbox-title=\"Ventoux, Vidal Fleury, Rhone Valley\" data-e-action-hash=\"#elementor-action%3Aaction%3Dlightbox%26settings%3DeyJpZCI6NDExNzI4LCJ1cmwiOiJodHRwczpcL1wvd3d3LmJrd2luZS5jb21cL3dwLWNvbnRlbnRcL3VwbG9hZHNcLzIwMjJcLzAxXC8yMDIxMTIyMV8yMTEzNTAuanBnIn0%3D\">\n\t\t\t\t\t\t\t<img loading=\"lazy\" decoding=\"async\" width=\"1080\" height=\"608\" src=\"https:\/\/www.bkwine.com\/wp-content\/uploads\/2022\/01\/20211221_211350.jpg\" class=\"attachment-full size-full wp-image-411728\" alt=\"Ventoux, Vidal Fleury, Rhone Valley\" srcset=\"https:\/\/www.bkwine.com\/wp-content\/uploads\/2022\/01\/20211221_211350.jpg 1080w, https:\/\/www.bkwine.com\/wp-content\/uploads\/2022\/01\/20211221_211350-300x169.jpg 300w, https:\/\/www.bkwine.com\/wp-content\/uploads\/2022\/01\/20211221_211350-768x432.jpg 768w\" sizes=\"(max-width: 1080px) 100vw, 1080px\" \/>\t\t\t\t\t\t\t\t<\/a>\n\t\t\t\t\t\t\t\t\t\t\t<figcaption class=\"widget-image-caption wp-caption-text\">Ventoux, Vidal Fleury, Rhone Valley, copyright BKWine Photography<\/figcaption>\n\t\t\t\t\t\t\t\t\t\t<\/figure>\n\t\t\t\t\t\t\t\t\t<\/div>\n\t\t\t\t<\/div>\n\t\t\t\t\t<\/div>\n\t\t<\/div>\n\t\t\t\t\t<\/div>\n\t\t<\/section>\n\t\t\t\t<\/div>\n\t\t","protected":false},"excerpt":{"rendered":"<p>Rh\u00f4ne-dalen \u00e4r en av Frankrikes stora vinregioner. De r\u00f6da vinerna dominerar men de vita b\u00f6r definitivt inte ignoreras. H\u00e4r i Rh\u00f4ne-dalen finns en stor m\u00e4ngd sm\u00e5 odlare. Men regionen har ocks\u00e5 en del st\u00f6rre producenter som har varit viktiga f\u00f6r att f\u00f6ra Rh\u00f4ne-dalens viner ut i v\u00e4rlden. Vi provade f\u00f6r lite sedan ett stort urval [&hellip;]<\/p>\n","protected":false},"author":4,"featured_media":354861,"comment_status":"open","ping_status":"open","sticky":false,"template":"","format":"standard","meta":{"footnotes":""},"categories":[5],"tags":[1734,1887,1970,1451],"class_list":["post-411731","post","type-post","status-publish","format-standard","has-post-thumbnail","hentry","category-wine-producer-profiles","tag-cote-rotie-sv","tag-forbes-sv","tag-frankrike","tag-rhonedalen"],"_links":{"self":[{"href":"https:\/\/www.bkwine.com\/sv\/wp-json\/wp\/v2\/posts\/411731","targetHints":{"allow":["GET"]}}],"collection":[{"href":"https:\/\/www.bkwine.com\/sv\/wp-json\/wp\/v2\/posts"}],"about":[{"href":"https:\/\/www.bkwine.com\/sv\/wp-json\/wp\/v2\/types\/post"}],"author":[{"embeddable":true,"href":"https:\/\/www.bkwine.com\/sv\/wp-json\/wp\/v2\/users\/4"}],"replies":[{"embeddable":true,"href":"https:\/\/www.bkwine.com\/sv\/wp-json\/wp\/v2\/comments?post=411731"}],"version-history":[{"count":0,"href":"https:\/\/www.bkwine.com\/sv\/wp-json\/wp\/v2\/posts\/411731\/revisions"}],"wp:featuredmedia":[{"embeddable":true,"href":"https:\/\/www.bkwine.com\/sv\/wp-json\/wp\/v2\/media\/354861"}],"wp:attachment":[{"href":"https:\/\/www.bkwine.com\/sv\/wp-json\/wp\/v2\/media?parent=411731"}],"wp:term":[{"taxonomy":"category","embeddable":true,"href":"https:\/\/www.bkwine.com\/sv\/wp-json\/wp\/v2\/categories?post=411731"},{"taxonomy":"post_tag","embeddable":true,"href":"https:\/\/www.bkwine.com\/sv\/wp-json\/wp\/v2\/tags?post=411731"}],"curies":[{"name":"wp","href":"https:\/\/api.w.org\/{rel}","templated":true}]}}