{"id":392224,"date":"2021-07-27T09:56:45","date_gmt":"2021-07-27T07:56:45","guid":{"rendered":"https:\/\/www.bkwine.com\/?p=392224"},"modified":"2021-07-27T09:57:38","modified_gmt":"2021-07-27T07:57:38","slug":"unika-viner-och-druvor-fran-sud-ouest","status":"publish","type":"post","link":"https:\/\/www.bkwine.com\/sv\/reportage\/vindistrikt\/unika-viner-och-druvor-fran-sud-ouest\/","title":{"rendered":"Unika viner och druvor fr\u00e5n Sud-Ouest: Gaillac, Cahors, Madiran, Juran\u00e7on, Irol\u00e9guy, B\u00e9arn, Fronton med flera"},"content":{"rendered":"\t\t<div data-elementor-type=\"wp-post\" data-elementor-id=\"392224\" class=\"elementor elementor-392224 elementor-392196\" data-elementor-post-type=\"post\">\n\t\t\t\t\t\t<section class=\"elementor-section elementor-top-section elementor-element elementor-element-25d9725 elementor-section-boxed elementor-section-height-default elementor-section-height-default\" data-id=\"25d9725\" data-element_type=\"section\" data-e-type=\"section\">\n\t\t\t\t\t\t<div class=\"elementor-container elementor-column-gap-default\">\n\t\t\t\t\t<div class=\"elementor-column elementor-col-100 elementor-top-column elementor-element elementor-element-7a43025\" data-id=\"7a43025\" data-element_type=\"column\" data-e-type=\"column\">\n\t\t\t<div class=\"elementor-widget-wrap elementor-element-populated\">\n\t\t\t\t\t\t<div class=\"elementor-element elementor-element-47c99fb elementor-widget elementor-widget-text-editor\" data-id=\"47c99fb\" data-element_type=\"widget\" data-e-type=\"widget\" data-widget_type=\"text-editor.default\">\n\t\t\t\t<div class=\"elementor-widget-container\">\n\t\t\t\t\t\t\t\t\t<h2>Sydv\u00e4st, franska Sud-Ouest<\/h2><h2>Att h\u00e5lla fast vid sin identitet<\/h2><p>Tittar man p\u00e5 viner fr\u00e5n den s k Nya V\u00e4rlden kan man l\u00e4tt f\u00e5 intrycket av att det inte existerar andra druvsorter \u00e4n chardonnay, sauvignon blanc och cabernet sauvignon. Inget ont om dessa druvor men jag vill g\u00e4rna v\u00e4rna om mindre k\u00e4nda druvsorter och sl\u00e5 ett slag f\u00f6r de distrikt som ser till att traditionella druvsorter bevaras och att en regional karakt\u00e4r p\u00e5 vinerna uppr\u00e4tth\u00e5lls.<\/p><p>Appellationslagarna har naturligtvis ett finger med i spelet h\u00e4r, men \u00e4ven m\u00e5nga vinb\u00f6nder anser att om sm\u00e5 vindistrikt ska kunna \u00f6verleva g\u00e4ller det att kunna uppvisa en distinkt regional stil. Men vinerna ska ocks\u00e5 falla konsumenterna i smaken och vad vill folk egentligen ha? Str\u00f6mlinjeformade, l\u00e4ttdruckna chardonnay-viner utan n\u00e5gra \u00f6verraskningar eller personliga viner som kanske kr\u00e4ver lite tillv\u00e4njning? N\u00e5got att fundera \u00f6ver allts\u00e5, f\u00f6r vinbonden, och konsumenten.<\/p><h2>M\u00e5ngfald av druvor<\/h2><p>F\u00e5 distrikt i Frankrike kan uppvisa s\u00e5 m\u00e5nga &#8221;egna&#8221; druvsorter som sydv\u00e4stra delen av Frankrike, <em>le Sud-Ouest<\/em>. Druvor som <strong>mauzac, malbec, tannat, braucol<\/strong> och <strong>petit manseng<\/strong> s\u00e4tter sin pr\u00e4gel p\u00e5 vinerna. Men eftersom det \u00e4r till\u00e5tet med viss inblandning av framf\u00f6r allt Bordeaux-druvor l\u00e4mnar man det upp till vinbonden att best\u00e4mma vilken typ av vin han vill g\u00f6ra.<\/p><p>S\u00e5 l\u00e5t oss titta n\u00e4rmare p\u00e5 n\u00e5gra av dessa inte s\u00e5 v\u00e4lk\u00e4nda men v\u00e4ldigt sp\u00e4nnande vindistrikt och viner som vi kan hitta i Frankrikes Sydv\u00e4st.<\/p>\t\t\t\t\t\t\t\t<\/div>\n\t\t\t\t<\/div>\n\t\t\t\t\t<\/div>\n\t\t<\/div>\n\t\t\t\t\t<\/div>\n\t\t<\/section>\n\t\t\t\t<section class=\"elementor-section elementor-top-section elementor-element elementor-element-2499d4c elementor-section-stretched elementor-section-full_width elementor-section-height-default elementor-section-height-default\" data-id=\"2499d4c\" data-element_type=\"section\" data-e-type=\"section\" data-settings=\"{&quot;stretch_section&quot;:&quot;section-stretched&quot;}\">\n\t\t\t\t\t\t<div class=\"elementor-container elementor-column-gap-default\">\n\t\t\t\t\t<div class=\"elementor-column elementor-col-100 elementor-top-column elementor-element elementor-element-77a2d461\" data-id=\"77a2d461\" data-element_type=\"column\" data-e-type=\"column\">\n\t\t\t<div class=\"elementor-widget-wrap elementor-element-populated\">\n\t\t\t\t\t\t<div class=\"elementor-element elementor-element-1eac1bef elementor-widget elementor-widget-image\" data-id=\"1eac1bef\" data-element_type=\"widget\" data-e-type=\"widget\" data-widget_type=\"image.default\">\n\t\t\t\t<div class=\"elementor-widget-container\">\n\t\t\t\t\t\t\t\t\t\t\t\t<figure class=\"wp-caption\">\n\t\t\t\t\t\t\t\t\t\t\t<a href=\"https:\/\/www.bkwine.com\/wp-content\/uploads\/2021\/05\/mf20-4768.jpg\" data-elementor-open-lightbox=\"yes\" data-elementor-lightbox-title=\"Pont Valentr\u00e9, the very famous bridge and landmark in the town of Cahors\" data-e-action-hash=\"#elementor-action%3Aaction%3Dlightbox%26settings%3DeyJpZCI6MzkyMDYxLCJ1cmwiOiJodHRwczpcL1wvd3d3LmJrd2luZS5jb21cL3dwLWNvbnRlbnRcL3VwbG9hZHNcLzIwMjFcLzA1XC9tZjIwLTQ3NjguanBnIn0%3D\">\n\t\t\t\t\t\t\t<img fetchpriority=\"high\" decoding=\"async\" width=\"1080\" height=\"608\" src=\"https:\/\/www.bkwine.com\/wp-content\/uploads\/2021\/05\/mf20-4768.jpg\" class=\"attachment-full size-full wp-image-392061\" alt=\"Pont Valentr\u00e9, the very famous bridge and landmark in the town of Cahors\" srcset=\"https:\/\/www.bkwine.com\/wp-content\/uploads\/2021\/05\/mf20-4768.jpg 1080w, https:\/\/www.bkwine.com\/wp-content\/uploads\/2021\/05\/mf20-4768-300x169.jpg 300w, https:\/\/www.bkwine.com\/wp-content\/uploads\/2021\/05\/mf20-4768-768x432.jpg 768w\" sizes=\"(max-width: 1080px) 100vw, 1080px\" \/>\t\t\t\t\t\t\t\t<\/a>\n\t\t\t\t\t\t\t\t\t\t\t<figcaption class=\"widget-image-caption wp-caption-text\">Pont Valentr\u00e9, the very famous bridge and landmark in the town of Cahors, copyright BKWine Photography<\/figcaption>\n\t\t\t\t\t\t\t\t\t\t<\/figure>\n\t\t\t\t\t\t\t\t\t<\/div>\n\t\t\t\t<\/div>\n\t\t\t\t\t<\/div>\n\t\t<\/div>\n\t\t\t\t\t<\/div>\n\t\t<\/section>\n\t\t\t\t<section class=\"elementor-section elementor-top-section elementor-element elementor-element-40e4abb elementor-section-boxed elementor-section-height-default elementor-section-height-default\" data-id=\"40e4abb\" data-element_type=\"section\" data-e-type=\"section\">\n\t\t\t\t\t\t<div class=\"elementor-container elementor-column-gap-default\">\n\t\t\t\t\t<div class=\"elementor-column elementor-col-100 elementor-top-column elementor-element elementor-element-50b30f4\" data-id=\"50b30f4\" data-element_type=\"column\" data-e-type=\"column\">\n\t\t\t<div class=\"elementor-widget-wrap elementor-element-populated\">\n\t\t\t\t\t\t<div class=\"elementor-element elementor-element-57361c2 elementor-widget elementor-widget-text-editor\" data-id=\"57361c2\" data-element_type=\"widget\" data-e-type=\"widget\" data-widget_type=\"text-editor.default\">\n\t\t\t\t<div class=\"elementor-widget-container\">\n\t\t\t\t\t\t\t\t\t<h2>Gaillac<\/h2><p>I Gaillac n\u00e4ra Toulouse \u00e4r man n\u00e5got av en specialist p\u00e5 ovanliga druvsorter, i stort sett ok\u00e4nda utanf\u00f6r det egna distriktet. <strong>Duras<\/strong> och <strong>braucol<\/strong> \u00e4r de mest anv\u00e4nda f\u00f6r r\u00f6da viner, och <strong>mauzac<\/strong> och <strong>len de l&#8217;elh<\/strong> (<strong>loin de l&#8217;oeil<\/strong>) f\u00f6r de vita ger Gaillac-vinerna deras speciella karakt\u00e4r. Men dilemmat h\u00e4r, liksom i \u00f6vriga sydv\u00e4st, \u00e4r att de viner som \u00e4r l\u00e4ttast att s\u00e4lja \u00e4r de som liknar en Bordeaux. Den typiska Gaillac-stilen \u00e4r mer speciell och sv\u00e5rs\u00e5ld. Fr\u00e5gan \u00e4r allts\u00e5 om man ska man ge efter f\u00f6r marknaden eller &#8221;tvinga&#8221; folk att v\u00e4nja sig vid den regionala typiskheten.<\/p><p>Gaillac fick sin appellation contr\u00f4l\u00e9e (numera prot\u00e9g\u00e9e) 1970 och sedan dess har fler och fler vinb\u00f6nder b\u00f6rjat buteljera sina egna viner. Fortfarande finns h\u00e4r m\u00e5nga sm\u00e5b\u00f6nder som f\u00f6rs\u00f6rjer sig inte bara p\u00e5 vin och fortfarande g\u00e5r en stor del av produktionen genom de tv\u00e5 kooperativen. Men idag \u00e4r det 120 producenter som sj\u00e4lva buteljerar sina viner, j\u00e4mf\u00f6rt med 90 f\u00f6r 20 \u00e5r sedan och endast 10 stycken 1970.<\/p><p>Gaillac har 3 150 hektar i AOP men man har \u00e4ven en stor produktion av IGP (indication g\u00e9ographique prot\u00e9g\u00e9e, tidigare kallat vin de pays).<\/p>\t\t\t\t\t\t\t\t<\/div>\n\t\t\t\t<\/div>\n\t\t\t\t\t<\/div>\n\t\t<\/div>\n\t\t\t\t\t<\/div>\n\t\t<\/section>\n\t\t\t\t<section class=\"elementor-section elementor-top-section elementor-element elementor-element-9b09d44 elementor-section-stretched elementor-section-full_width elementor-section-height-default elementor-section-height-default\" data-id=\"9b09d44\" data-element_type=\"section\" data-e-type=\"section\" data-settings=\"{&quot;stretch_section&quot;:&quot;section-stretched&quot;}\">\n\t\t\t\t\t\t<div class=\"elementor-container elementor-column-gap-default\">\n\t\t\t\t\t<div class=\"elementor-column elementor-col-100 elementor-top-column elementor-element elementor-element-bd99630\" data-id=\"bd99630\" data-element_type=\"column\" data-e-type=\"column\">\n\t\t\t<div class=\"elementor-widget-wrap elementor-element-populated\">\n\t\t\t\t\t\t<div class=\"elementor-element elementor-element-7a7a9be elementor-widget elementor-widget-image\" data-id=\"7a7a9be\" data-element_type=\"widget\" data-e-type=\"widget\" data-widget_type=\"image.default\">\n\t\t\t\t<div class=\"elementor-widget-container\">\n\t\t\t\t\t\t\t\t\t\t\t\t<figure class=\"wp-caption\">\n\t\t\t\t\t\t\t\t\t\t\t<a href=\"https:\/\/www.bkwine.com\/wp-content\/uploads\/2021\/05\/z-pc27-1311.jpg\" data-elementor-open-lightbox=\"yes\" data-elementor-lightbox-title=\"Domaine du Moulin, Mauzac sparkling, Gaillac, Nicolas Hirissou, Sud-Ouest (South West)\" data-e-action-hash=\"#elementor-action%3Aaction%3Dlightbox%26settings%3DeyJpZCI6MzkyMjA4LCJ1cmwiOiJodHRwczpcL1wvd3d3LmJrd2luZS5jb21cL3dwLWNvbnRlbnRcL3VwbG9hZHNcLzIwMjFcLzA1XC96LXBjMjctMTMxMS5qcGcifQ%3D%3D\">\n\t\t\t\t\t\t\t<img decoding=\"async\" width=\"1080\" height=\"608\" src=\"https:\/\/www.bkwine.com\/wp-content\/uploads\/2021\/05\/z-pc27-1311.jpg\" class=\"attachment-full size-full wp-image-392208\" alt=\"Domaine du Moulin, Mauzac sparkling, Gaillac, Nicolas Hirissou, Sud-Ouest (South West)\" srcset=\"https:\/\/www.bkwine.com\/wp-content\/uploads\/2021\/05\/z-pc27-1311.jpg 1080w, https:\/\/www.bkwine.com\/wp-content\/uploads\/2021\/05\/z-pc27-1311-300x169.jpg 300w, https:\/\/www.bkwine.com\/wp-content\/uploads\/2021\/05\/z-pc27-1311-768x432.jpg 768w\" sizes=\"(max-width: 1080px) 100vw, 1080px\" \/>\t\t\t\t\t\t\t\t<\/a>\n\t\t\t\t\t\t\t\t\t\t\t<figcaption class=\"widget-image-caption wp-caption-text\">Domaine du Moulin, Mauzac sparkling, Gaillac, Nicolas Hirissou, Sud-Ouest (South West), copyright BKWine Photography<\/figcaption>\n\t\t\t\t\t\t\t\t\t\t<\/figure>\n\t\t\t\t\t\t\t\t\t<\/div>\n\t\t\t\t<\/div>\n\t\t\t\t\t<\/div>\n\t\t<\/div>\n\t\t\t\t\t<\/div>\n\t\t<\/section>\n\t\t\t\t<section class=\"elementor-section elementor-top-section elementor-element elementor-element-8d887af elementor-section-boxed elementor-section-height-default elementor-section-height-default\" data-id=\"8d887af\" data-element_type=\"section\" data-e-type=\"section\">\n\t\t\t\t\t\t<div class=\"elementor-container elementor-column-gap-default\">\n\t\t\t\t\t<div class=\"elementor-column elementor-col-100 elementor-top-column elementor-element elementor-element-57d6feb\" data-id=\"57d6feb\" data-element_type=\"column\" data-e-type=\"column\">\n\t\t\t<div class=\"elementor-widget-wrap elementor-element-populated\">\n\t\t\t\t\t\t<div class=\"elementor-element elementor-element-42ee5cd elementor-widget elementor-widget-text-editor\" data-id=\"42ee5cd\" data-element_type=\"widget\" data-e-type=\"widget\" data-widget_type=\"text-editor.default\">\n\t\t\t\t<div class=\"elementor-widget-container\">\n\t\t\t\t\t\t\t\t\t<h2>Gr\u00f6na druvsorter i Gaillac<\/h2><p><strong>Mauzac blanc<\/strong> \u00e4r den mest odlade druvan t\u00e4tt f\u00f6ljda av <strong>loin de l\u2019oeil<\/strong> (<strong>len de l\u2019elh<\/strong>). Tillsammans utg\u00f6r de n\u00e4stan tv\u00e5 tredjedelar av arealen. Sauvignon blanc \u00e4r ocks\u00e5 popul\u00e4r, den tredje mest odlade, men den har tappat lite mark. H\u00e4r finns \u00e4ven den fr\u00e5n Bordeaux k\u00e4nda muscadelle och den lokala gamla druvan <strong>ondenc<\/strong>.<\/p><p><strong>Mauzac<\/strong> \u00e4r en aromatisk druva med drag av \u00e4pplen och dess krispiga, gr\u00f6na karakt\u00e4r och h\u00f6ga syrlighet g\u00f6r den till en perfekt bas f\u00f6r mousserande viner. I Gaillac anv\u00e4nds den b\u00e5de till mousserande viner och stilla viner. Den f\u00f6rekommer \u00e4ven i <strong>Limoux<\/strong>, som inte ligger l\u00e5ngt bort \u00e4ven om det tillh\u00f6r Languedoc.<\/p><p><strong>Len de L\u2019elh<\/strong> m\u00e5ste ing\u00e5 i vita Gaillac-viner till minst 15 %. Druvan har h\u00f6g alkoholhalt och saknar ibland syra vilket g\u00f6r att den m\u00e5r bra av att blandas med lite sauvignon blanc vilket ocks\u00e5 \u00e4r brukligt. Len de l\u2019elh \u00e4r lokal dialekt och betyder just \u201dloin de l\u2019oeil\u201d (l\u00e5ngt ifr\u00e5n \u00f6gat). Ursprunget till detta speciella namn \u00e4r dock oklart.<\/p><p>Det mesta av det vita vinet \u00e4r torrt (55 %), men man g\u00f6r en hel solfj\u00e4der av olika viner, inklusive s\u00f6ta och mousserande.<\/p>\t\t\t\t\t\t\t\t<\/div>\n\t\t\t\t<\/div>\n\t\t\t\t\t<\/div>\n\t\t<\/div>\n\t\t\t\t\t<\/div>\n\t\t<\/section>\n\t\t\t\t<section class=\"elementor-section elementor-top-section elementor-element elementor-element-da337fa elementor-section-stretched elementor-section-full_width elementor-section-height-default elementor-section-height-default\" data-id=\"da337fa\" data-element_type=\"section\" data-e-type=\"section\" data-settings=\"{&quot;stretch_section&quot;:&quot;section-stretched&quot;}\">\n\t\t\t\t\t\t<div class=\"elementor-container elementor-column-gap-default\">\n\t\t\t\t\t<div class=\"elementor-column elementor-col-100 elementor-top-column elementor-element elementor-element-47053ad\" data-id=\"47053ad\" data-element_type=\"column\" data-e-type=\"column\">\n\t\t\t<div class=\"elementor-widget-wrap elementor-element-populated\">\n\t\t\t\t\t\t<div class=\"elementor-element elementor-element-44ba31e elementor-widget elementor-widget-image\" data-id=\"44ba31e\" data-element_type=\"widget\" data-e-type=\"widget\" data-widget_type=\"image.default\">\n\t\t\t\t<div class=\"elementor-widget-container\">\n\t\t\t\t\t\t\t\t\t\t\t\t<figure class=\"wp-caption\">\n\t\t\t\t\t\t\t\t\t\t\t<a href=\"https:\/\/www.bkwine.com\/wp-content\/uploads\/2021\/05\/z-pc27-1294.jpg\" data-elementor-open-lightbox=\"yes\" data-elementor-lightbox-title=\"Domaine du Moulin, Blanc Sec Vieilles Vignes, Gaillac, Nicolas Hirissou, Sud-Ouest (South West)\" data-e-action-hash=\"#elementor-action%3Aaction%3Dlightbox%26settings%3DeyJpZCI6MzkyMjA3LCJ1cmwiOiJodHRwczpcL1wvd3d3LmJrd2luZS5jb21cL3dwLWNvbnRlbnRcL3VwbG9hZHNcLzIwMjFcLzA1XC96LXBjMjctMTI5NC5qcGcifQ%3D%3D\">\n\t\t\t\t\t\t\t<img decoding=\"async\" width=\"1080\" height=\"608\" src=\"https:\/\/www.bkwine.com\/wp-content\/uploads\/2021\/05\/z-pc27-1294.jpg\" class=\"attachment-full size-full wp-image-392207\" alt=\"Domaine du Moulin, Blanc Sec Vieilles Vignes, Gaillac, Nicolas Hirissou, Sud-Ouest (South West)\" srcset=\"https:\/\/www.bkwine.com\/wp-content\/uploads\/2021\/05\/z-pc27-1294.jpg 1080w, https:\/\/www.bkwine.com\/wp-content\/uploads\/2021\/05\/z-pc27-1294-300x169.jpg 300w, https:\/\/www.bkwine.com\/wp-content\/uploads\/2021\/05\/z-pc27-1294-768x432.jpg 768w\" sizes=\"(max-width: 1080px) 100vw, 1080px\" \/>\t\t\t\t\t\t\t\t<\/a>\n\t\t\t\t\t\t\t\t\t\t\t<figcaption class=\"widget-image-caption wp-caption-text\">Domaine du Moulin, Blanc Sec Vieilles Vignes, Gaillac, Nicolas Hirissou, Sud-Ouest (South West), copyright BKWine Photography<\/figcaption>\n\t\t\t\t\t\t\t\t\t\t<\/figure>\n\t\t\t\t\t\t\t\t\t<\/div>\n\t\t\t\t<\/div>\n\t\t\t\t<div class=\"elementor-element elementor-element-263fa53 elementor-widget elementor-widget-image\" data-id=\"263fa53\" data-element_type=\"widget\" data-e-type=\"widget\" data-widget_type=\"image.default\">\n\t\t\t\t<div class=\"elementor-widget-container\">\n\t\t\t\t\t\t\t\t\t\t\t\t<figure class=\"wp-caption\">\n\t\t\t\t\t\t\t\t\t\t\t<a href=\"https:\/\/www.bkwine.com\/wp-content\/uploads\/2021\/05\/20171209_200150.jpg\" data-elementor-open-lightbox=\"yes\" data-elementor-lightbox-title=\"Domaine du Moulin, Cinto, IGP c\u00f4tes du Tarn (Gaillac), Nicolas Hirissou, Sud-Ouest (South West)\" data-e-action-hash=\"#elementor-action%3Aaction%3Dlightbox%26settings%3DeyJpZCI6MzkyMjA5LCJ1cmwiOiJodHRwczpcL1wvd3d3LmJrd2luZS5jb21cL3dwLWNvbnRlbnRcL3VwbG9hZHNcLzIwMjFcLzA1XC8yMDE3MTIwOV8yMDAxNTAuanBnIn0%3D\">\n\t\t\t\t\t\t\t<img loading=\"lazy\" decoding=\"async\" width=\"1080\" height=\"608\" src=\"https:\/\/www.bkwine.com\/wp-content\/uploads\/2021\/05\/20171209_200150.jpg\" class=\"attachment-full size-full wp-image-392209\" alt=\"Domaine du Moulin, Cinto, IGP c\u00f4tes du Tarn (Gaillac), Nicolas Hirissou, Sud-Ouest (South West)\" srcset=\"https:\/\/www.bkwine.com\/wp-content\/uploads\/2021\/05\/20171209_200150.jpg 1080w, https:\/\/www.bkwine.com\/wp-content\/uploads\/2021\/05\/20171209_200150-300x169.jpg 300w, https:\/\/www.bkwine.com\/wp-content\/uploads\/2021\/05\/20171209_200150-768x432.jpg 768w\" sizes=\"(max-width: 1080px) 100vw, 1080px\" \/>\t\t\t\t\t\t\t\t<\/a>\n\t\t\t\t\t\t\t\t\t\t\t<figcaption class=\"widget-image-caption wp-caption-text\">Domaine du Moulin, Cinto, IGP c\u00f4tes du Tarn (Gaillac), Nicolas Hirissou, Sud-Ouest (South West), copyright BKWine Photography<\/figcaption>\n\t\t\t\t\t\t\t\t\t\t<\/figure>\n\t\t\t\t\t\t\t\t\t<\/div>\n\t\t\t\t<\/div>\n\t\t\t\t\t<\/div>\n\t\t<\/div>\n\t\t\t\t\t<\/div>\n\t\t<\/section>\n\t\t\t\t<section class=\"elementor-section elementor-top-section elementor-element elementor-element-5106f2e elementor-section-boxed elementor-section-height-default elementor-section-height-default\" data-id=\"5106f2e\" data-element_type=\"section\" data-e-type=\"section\">\n\t\t\t\t\t\t<div class=\"elementor-container elementor-column-gap-default\">\n\t\t\t\t\t<div class=\"elementor-column elementor-col-100 elementor-top-column elementor-element elementor-element-5ff2a30\" data-id=\"5ff2a30\" data-element_type=\"column\" data-e-type=\"column\">\n\t\t\t<div class=\"elementor-widget-wrap elementor-element-populated\">\n\t\t\t\t\t\t<div class=\"elementor-element elementor-element-98dc027 elementor-widget elementor-widget-text-editor\" data-id=\"98dc027\" data-element_type=\"widget\" data-e-type=\"widget\" data-widget_type=\"text-editor.default\">\n\t\t\t\t<div class=\"elementor-widget-container\">\n\t\t\t\t\t\t\t\t\t<p><em>Dessa tre viner ovan \u00e4r gjorda av en av producenterna i Gaillac som f\u00f6rs\u00f6ker f\u00f6ra regionens rykte fram\u00e5t. Domaine du Moulin g\u00f6r b\u00e5de r\u00f6tt, vitt och mousserande. L\u00e4s mer om producenten i dessa tv\u00e5 artiklar: <a href=\"https:\/\/www.bkwine.com\/sv\/nyheter\/rott-vin-utan-malo-fran-gaillac-en-utmanande-smak\/\">R\u00f6tt vin utan malo fr\u00e5n Gaillac &#8211; en utmanande smak <\/a><\/em><em> och uppf\u00f6ljningsartikeln h\u00e4r <a href=\"https:\/\/www.bkwine.com\/sv\/reportage\/vinproducenter\/domaine-du-moulin-gaillac-cuvee-speciale-2015-nu-med-avklarad-malolaktisk-jasning\/\">Domaine du Moulin, Gaillac, Cuv\u00e9e Speciale 2015 \u2013 nu med avklarad malolaktisk j\u00e4sning<\/a>.<\/em><\/p><p><strong><em>L\u00e4s v\u00e5ra provningskommentarer p\u00e5 Cinto h\u00e4r:<\/em> <a href=\"https:\/\/www.bkwine.com\/sv\/reportage\/provningar\/glaset-bra-viner-vi-provat-sedan-sist-maj-2018\/\">I glaset: Bra viner vi provat sedan sist, maj 2018<\/a>.<\/strong><\/p><h2>Bl\u00e5 druvsorter i Gaillac<\/h2><p><strong>Duras<\/strong> och <strong>braucol<\/strong> \u00e4r de vanligaste f\u00f6r r\u00f6da viner. Men dessa f\u00f6ljs t\u00e4tt av syrah och gamay. Tillsammans st\u00e5r dessa f\u00f6r n\u00e4stan 75 % av planteringarna. Man har \u00e4ven en hel del merlot, cabernet sauvignon och cabernet franc, och en gammal lokal druva kallad <strong>prunelart<\/strong>.<\/p><p><strong>Braucol<\/strong> \u00e4r den mest planterade p\u00e5 22 % av arealen. I vissa delar av sydv\u00e4st kallas f\u00f6r fer servadou. Detta \u00e4r en druva av bra kvalitet och bra struktur som kan drickas ung men ocks\u00e5 lagras.<\/p><p><strong>Duras<\/strong> (som man inte b\u00f6r f\u00f6rv\u00e4xla med distriktet C\u00f4tes de Duras) \u00e4r planterad p\u00e5 17 % och \u00e4r ocks\u00e5 av bra kvalitet men lite besv\u00e4rlig s\u00e5 till vida att den knoppas tidigt och d\u00e4rmed l\u00e4tt drabbas av v\u00e5rfrost. Dessutom attackeras den ofta av r\u00f6ta.<\/p><h2>Robert Plageoles, en pionj\u00e4r<\/h2><p>En av de fr\u00e4msta f\u00f6respr\u00e5karna f\u00f6r de traditionella Gaillac-druvorna \u00e4r Robert Plageoles, en galjonsfigur idag i Gaillac. Han anv\u00e4nder 100 % mauzac till flera av sina vita viner och ett av hans r\u00f6da viner \u00e4r 100 % duras.<\/p><p>En av Plageoles mer originella mauzac-viner \u00e4r ett vin som efter j\u00e4sningen l\u00e4mnas kvar i sju \u00e5r p\u00e5 \u00f6ppna fat och d\u00e4r utvecklar en tunn vit hinna, skapad av en sorts j\u00e4st, som hindrar vinet fr\u00e5n att oxidera. F\u00f6rr var det ganska vanligt att man tillverkade denna typ av vin i Gaillac. Plageoles kallar sitt vin f\u00f6r \u201dvin de voile\u201d, det vill s\u00e4ja ett vin med en sl\u00f6ja (hinnan kallas <em>voile<\/em> p\u00e5 franska). Liksom ett \u201dvin jaune\u201d fr\u00e5n Jura eller en torr sherry, som tillkommer p\u00e5 liknande s\u00e4tt, har detta \u201dvin de voile\u201d en mycket torr och n\u00f6tig karakt\u00e4r som passar b\u00e4st till aperitif. Eller ost.<\/p>\t\t\t\t\t\t\t\t<\/div>\n\t\t\t\t<\/div>\n\t\t\t\t\t<\/div>\n\t\t<\/div>\n\t\t\t\t\t<\/div>\n\t\t<\/section>\n\t\t\t\t<section class=\"elementor-section elementor-top-section elementor-element elementor-element-423da37 elementor-section-stretched elementor-section-full_width elementor-section-height-default elementor-section-height-default\" data-id=\"423da37\" data-element_type=\"section\" data-e-type=\"section\" data-settings=\"{&quot;stretch_section&quot;:&quot;section-stretched&quot;}\">\n\t\t\t\t\t\t<div class=\"elementor-container elementor-column-gap-default\">\n\t\t\t\t\t<div class=\"elementor-column elementor-col-100 elementor-top-column elementor-element elementor-element-bd86a6f\" data-id=\"bd86a6f\" data-element_type=\"column\" data-e-type=\"column\">\n\t\t\t<div class=\"elementor-widget-wrap elementor-element-populated\">\n\t\t\t\t\t\t<div class=\"elementor-element elementor-element-467dc6e elementor-widget elementor-widget-image\" data-id=\"467dc6e\" data-element_type=\"widget\" data-e-type=\"widget\" data-widget_type=\"image.default\">\n\t\t\t\t<div class=\"elementor-widget-container\">\n\t\t\t\t\t\t\t\t\t\t\t\t<figure class=\"wp-caption\">\n\t\t\t\t\t\t\t\t\t\t\t<a href=\"https:\/\/www.bkwine.com\/wp-content\/uploads\/2020\/06\/20200528_203311.jpg\" data-elementor-open-lightbox=\"yes\" data-elementor-lightbox-title=\"Verdanel by Robert and Bernard Plageoles, Domaine Plageoles, vin de france, named after an unusual grape variety, Gaillac, Sud-Ouest (South West)\" data-e-action-hash=\"#elementor-action%3Aaction%3Dlightbox%26settings%3DeyJpZCI6MzU0NjY4LCJ1cmwiOiJodHRwczpcL1wvd3d3LmJrd2luZS5jb21cL3dwLWNvbnRlbnRcL3VwbG9hZHNcLzIwMjBcLzA2XC8yMDIwMDUyOF8yMDMzMTEuanBnIn0%3D\">\n\t\t\t\t\t\t\t<img loading=\"lazy\" decoding=\"async\" width=\"1080\" height=\"608\" src=\"https:\/\/www.bkwine.com\/wp-content\/uploads\/2020\/06\/20200528_203311.jpg\" class=\"attachment-full size-full wp-image-354668\" alt=\"Verdanel by Robert and Bernard Plageoles, Domaine Plageoles, vin de france, named after an unusual grape variety, Gaillac, Sud-Ouest (South West)\" srcset=\"https:\/\/www.bkwine.com\/wp-content\/uploads\/2020\/06\/20200528_203311.jpg 1080w, https:\/\/www.bkwine.com\/wp-content\/uploads\/2020\/06\/20200528_203311-400x225.jpg 400w, https:\/\/www.bkwine.com\/wp-content\/uploads\/2020\/06\/20200528_203311-600x338.jpg 600w, https:\/\/www.bkwine.com\/wp-content\/uploads\/2020\/06\/20200528_203311-300x169.jpg 300w, https:\/\/www.bkwine.com\/wp-content\/uploads\/2020\/06\/20200528_203311-768x432.jpg 768w\" sizes=\"(max-width: 1080px) 100vw, 1080px\" \/>\t\t\t\t\t\t\t\t<\/a>\n\t\t\t\t\t\t\t\t\t\t\t<figcaption class=\"widget-image-caption wp-caption-text\">Verdanel by Robert and Bernard Plageoles, Domaine Plageoles, vin de france, named after an unusual grape variety, Gaillac, Sud-Ouest (South West), copyright BKWine Photography<\/figcaption>\n\t\t\t\t\t\t\t\t\t\t<\/figure>\n\t\t\t\t\t\t\t\t\t<\/div>\n\t\t\t\t<\/div>\n\t\t\t\t\t<\/div>\n\t\t<\/div>\n\t\t\t\t\t<\/div>\n\t\t<\/section>\n\t\t\t\t<section class=\"elementor-section elementor-top-section elementor-element elementor-element-fa058bb elementor-section-boxed elementor-section-height-default elementor-section-height-default\" data-id=\"fa058bb\" data-element_type=\"section\" data-e-type=\"section\">\n\t\t\t\t\t\t<div class=\"elementor-container elementor-column-gap-default\">\n\t\t\t\t\t<div class=\"elementor-column elementor-col-100 elementor-top-column elementor-element elementor-element-7c6d5d8\" data-id=\"7c6d5d8\" data-element_type=\"column\" data-e-type=\"column\">\n\t\t\t<div class=\"elementor-widget-wrap elementor-element-populated\">\n\t\t\t\t\t\t<div class=\"elementor-element elementor-element-abd8cba elementor-widget elementor-widget-text-editor\" data-id=\"abd8cba\" data-element_type=\"widget\" data-e-type=\"widget\" data-widget_type=\"text-editor.default\">\n\t\t\t\t<div class=\"elementor-widget-container\">\n\t\t\t\t\t\t\t\t\t<p><strong><em>L\u00e4s v\u00e5ra provningskommentarer om detta vin h\u00e4r: <a href=\"https:\/\/www.bkwine.com\/sv\/reportage\/provningar\/i-glaset-bra-viner-vi-provat-sedan-sist-juni-2020\/\">I glaset: Bra viner vi provat sedan sist, juni 2020<\/a>.<\/em><\/strong><\/p><p>Plageoles favoritdruva \u00e4r utan tvekan mauzac men en annan vit druva som han tagit under sina vingars skydd \u00e4r den n\u00e4stan utrotade ondenc. Till sitt mest exklusiva vin, det s\u00f6ta \u201dvin d\u2019autan\u201d, anv\u00e4nder han 100 % ondenc och l\u00e5ter druvorna mogna ordentligt fram till mitten eller slutet av november. D\u00e5 kommer den torra, sirocco-liknande vinden som kallas f\u00f6r \u201dvent d\u2019autan\u201d. Vinden torkar ut druvorna, koncentrerar s\u00f6tman, vilket resulterar i oerh\u00f6rt l\u00e5g avkastning, vissa \u00e5r inte mer \u00e4n 6 hektoliter\/hektar. Ett fantastiskt vin, aromatiskt, honungslikt och blommigt och med en fl\u00e4kt av citrus som g\u00f6r att det k\u00e4nns friskt trots den tunga konsistensen.<\/p><p>H\u00e4r \u00e4r en intervju med Bernard Plageoles som vi gjorde f\u00f6r ganska m\u00e5nga \u00e5r sedan:<\/p>\t\t\t\t\t\t\t\t<\/div>\n\t\t\t\t<\/div>\n\t\t\t\t<div class=\"elementor-element elementor-element-e6f2a7b elementor-widget elementor-widget-video\" data-id=\"e6f2a7b\" data-element_type=\"widget\" data-e-type=\"widget\" data-settings=\"{&quot;youtube_url&quot;:&quot;https:\\\/\\\/www.youtube.com\\\/watch?v=I5D_g5qZeYw&quot;,&quot;video_type&quot;:&quot;youtube&quot;,&quot;controls&quot;:&quot;yes&quot;}\" data-widget_type=\"video.default\">\n\t\t\t\t<div class=\"elementor-widget-container\">\n\t\t\t\t\t\t\t<div class=\"elementor-wrapper elementor-open-inline\">\n\t\t\t<div class=\"elementor-video\"><\/div>\t\t<\/div>\n\t\t\t\t\t\t<\/div>\n\t\t\t\t<\/div>\n\t\t\t\t\t<\/div>\n\t\t<\/div>\n\t\t\t\t\t<\/div>\n\t\t<\/section>\n\t\t\t\t<section class=\"elementor-section elementor-top-section elementor-element elementor-element-1578cf1 elementor-section-stretched elementor-section-full_width elementor-section-height-default elementor-section-height-default\" data-id=\"1578cf1\" data-element_type=\"section\" data-e-type=\"section\" data-settings=\"{&quot;stretch_section&quot;:&quot;section-stretched&quot;}\">\n\t\t\t\t\t\t<div class=\"elementor-container elementor-column-gap-default\">\n\t\t\t\t\t<div class=\"elementor-column elementor-col-100 elementor-top-column elementor-element elementor-element-fb08010\" data-id=\"fb08010\" data-element_type=\"column\" data-e-type=\"column\">\n\t\t\t<div class=\"elementor-widget-wrap elementor-element-populated\">\n\t\t\t\t\t\t<div class=\"elementor-element elementor-element-742b83f elementor-widget elementor-widget-image\" data-id=\"742b83f\" data-element_type=\"widget\" data-e-type=\"widget\" data-widget_type=\"image.default\">\n\t\t\t\t<div class=\"elementor-widget-container\">\n\t\t\t\t\t\t\t\t\t\t\t\t<figure class=\"wp-caption\">\n\t\t\t\t\t\t\t\t\t\t\t<a href=\"https:\/\/www.bkwine.com\/wp-content\/uploads\/2019\/07\/20190704_205805.jpg\" data-elementor-open-lightbox=\"yes\" data-elementor-lightbox-title=\"Causse Marines \u201dPeyrouzelles\u201d, Gaillac, Sud-Ouest\" data-e-action-hash=\"#elementor-action%3Aaction%3Dlightbox%26settings%3DeyJpZCI6MzQ2MjU3LCJ1cmwiOiJodHRwczpcL1wvd3d3LmJrd2luZS5jb21cL3dwLWNvbnRlbnRcL3VwbG9hZHNcLzIwMTlcLzA3XC8yMDE5MDcwNF8yMDU4MDUuanBnIn0%3D\">\n\t\t\t\t\t\t\t<img loading=\"lazy\" decoding=\"async\" width=\"1080\" height=\"608\" src=\"https:\/\/www.bkwine.com\/wp-content\/uploads\/2019\/07\/20190704_205805.jpg\" class=\"attachment-full size-full wp-image-346257\" alt=\"Causse Marines \u201dPeyrouzelles\u201d, Gaillac, Sud-Ouest\" srcset=\"https:\/\/www.bkwine.com\/wp-content\/uploads\/2019\/07\/20190704_205805.jpg 1080w, https:\/\/www.bkwine.com\/wp-content\/uploads\/2019\/07\/20190704_205805-300x169.jpg 300w, https:\/\/www.bkwine.com\/wp-content\/uploads\/2019\/07\/20190704_205805-400x225.jpg 400w, https:\/\/www.bkwine.com\/wp-content\/uploads\/2019\/07\/20190704_205805-768x432.jpg 768w, https:\/\/www.bkwine.com\/wp-content\/uploads\/2019\/07\/20190704_205805-600x338.jpg 600w\" sizes=\"(max-width: 1080px) 100vw, 1080px\" \/>\t\t\t\t\t\t\t\t<\/a>\n\t\t\t\t\t\t\t\t\t\t\t<figcaption class=\"widget-image-caption wp-caption-text\">Causse Marines \u201dPeyrouzelles\u201d, Gaillac, Sud-Ouest, copyright BKWine Photography<\/figcaption>\n\t\t\t\t\t\t\t\t\t\t<\/figure>\n\t\t\t\t\t\t\t\t\t<\/div>\n\t\t\t\t<\/div>\n\t\t\t\t\t<\/div>\n\t\t<\/div>\n\t\t\t\t\t<\/div>\n\t\t<\/section>\n\t\t\t\t<section class=\"elementor-section elementor-top-section elementor-element elementor-element-0e436bd elementor-section-boxed elementor-section-height-default elementor-section-height-default\" data-id=\"0e436bd\" data-element_type=\"section\" data-e-type=\"section\">\n\t\t\t\t\t\t<div class=\"elementor-container elementor-column-gap-default\">\n\t\t\t\t\t<div class=\"elementor-column elementor-col-100 elementor-top-column elementor-element elementor-element-a5b3786\" data-id=\"a5b3786\" data-element_type=\"column\" data-e-type=\"column\">\n\t\t\t<div class=\"elementor-widget-wrap elementor-element-populated\">\n\t\t\t\t\t\t<div class=\"elementor-element elementor-element-af3cfa2 elementor-widget elementor-widget-text-editor\" data-id=\"af3cfa2\" data-element_type=\"widget\" data-e-type=\"widget\" data-widget_type=\"text-editor.default\">\n\t\t\t\t<div class=\"elementor-widget-container\">\n\t\t\t\t\t\t\t\t\t<p><strong><em>L\u00e4s v\u00e5ra provningskommentarer om detta vin h\u00e4r: <a href=\"https:\/\/www.bkwine.com\/sv\/reportage\/provningar\/i-glaset-bra-viner-vi-provat-sedan-sist-juli-2019\/\">I glaset: Bra viner vi provat sedan sist, juli 2019<\/a>.<\/em><\/strong><\/p><h3>Gaillac p\u00e5 Systembolaget<\/h3><p>Utbudet av Gaillac p\u00e5 Systembolaget \u00e4r mycket begr\u00e4nsat. Monopolet sj\u00e4lva har inget i sitt sortiment men det finns en del i vinimport\u00f6rernas best\u00e4llningssortiment:<\/p><ul><li>Canto Perlic: B\u00e4st representerad \u00e4r f\u00f6rst\u00e5s Domaine de Canto Perlic, som g\u00f6r viner i klassisk. Egendomen \u00e4gs av svenskarna Ursula och Sune Sloge.<\/li><li>Causse Marines: en n\u00e4stan legendarisk egendom som drivs av Pascale Lescarret, som specialiserar sig p\u00e5 ovanliga druvsorter och traditionella viner (eller moderna, om man s\u00e5 vill, naturvin, orange osv.). Viner f\u00f6r den nyfikne.<\/li><li>Det finns faktiskt en andra egendom i Gaillac med svensk anknytning: Domaine de Pialentou, som drivs av Agn\u00e8s Gervais, som har en svensk mamma, om jag minns r\u00e4tt. Men den finns tyv\u00e4rr inte i Sverige.<\/li><\/ul><h2>Fronton<\/h2><p>Alldeles intill Gaillac hittar vi grannen Fronton. Det \u00e4r en minst sagt f\u00f6ga k\u00e4nd appellation men som har sin speciella karakt\u00e4r som g\u00f6r den v\u00e4l v\u00e4rd att uppt\u00e4ckas. Man \u00e4r inte l\u00e5ngt fr\u00e5n Toulouse, k\u00e4nd f\u00f6r Toulouse Lautrec (som i sj\u00e4lva verket f\u00f6ddes i Albi, strax norrut) och f\u00f6r att vara en av Frankrikes high-tech-centrum.<\/p><p>Men det som g\u00f6r Fronton extra minnesv\u00e4rd och n\u00e5got att leta upp f\u00f6r den nyfikne \u00e4r druvan. Man har en alldeles egen druva som heter <strong>n\u00e9grette<\/strong>. Det \u00e4r en bl\u00e5 druva, man g\u00f6r bara r\u00f6da viner (huvudsakligen) och ros\u00e9. Den har en unik karakt\u00e4r som kan p\u00e5minna om lingon och om friska syrliga (men mogna) k\u00f6rsb\u00e4r. R\u00f6da frukter och b\u00e4r, men med en friskhet och stramhet som g\u00f6r att den skiljer sig fr\u00e5n de viner som har den s\u00f6tare stilen av hallon och jordgubbar. Vinerna \u00e4r ofta ganska l\u00e4tta i stilen med en viss elegans.<\/p><p>N\u00e9grette m\u00e5ste ing\u00e5 till minst 50 % i ving\u00e5rden men i vinet \u00e4r minimum 40 %. Men det \u00e4r inte ovanligt, snarare regel, att man har mer \u00e4n s\u00e5 i vinet. 100 % n\u00e9grette \u00e4r till\u00e5tet. Man kan komplettera med cabernet franc, cabernet sauvignon, cinsaut, <strong>cot<\/strong> (<strong>malbec<\/strong>), <strong>fer<\/strong> (<strong>fer servadou<\/strong>), gamay, <strong>m\u00e9rille<\/strong> och syrah. Man g\u00f6r inget vitt vin.<\/p><p>Fronton str\u00e4cker ut sig \u00f6ver 2000 hektar. Man fick sin appellation 1975 och det finns runt 60 producenter.<\/p><p>F\u00f6r den som tycker om friska och eleganta viner med inte allt f\u00f6r mycket tyngd och tannin men \u00e4nd\u00e5 med en bra och lite stram syra s\u00e5 \u00e4r det ett vin som definitiv \u00e4r v\u00e4rt att uppt\u00e4cka.<\/p><h3>Fronton p\u00e5 Systembolaget<\/h3><p>Det finns sorgligt nog ett enda vin fr\u00e5n Fronton i Systembolagets sortiment, plus ytterligare ett i vinimport\u00f6rernas best\u00e4llningssortiment. Vi har dock tyv\u00e4rr inte provat n\u00e5got av dem:<\/p><ul><li>Ch\u00e2teau Majorel (JM Rigal), Systemboalget<\/li><li>On l&#8217;Appelle N\u00e9grette, Vignobles Arbeau, best\u00e4llningssortimentet<\/li><\/ul><p><em>Bilden: <strong>Folle noire<\/strong> \u00e4r ocks\u00e5 namnet p\u00e5 en druvsort, \u00e4ven kallad <strong>juran\u00e7on noir<\/strong>, <strong>vidella<\/strong> mm, ocks\u00e5 odlad i Sud-Ouest. Men detta vin fr\u00e5n Le Roc \u00e4r faktiskt gjord p\u00e5 n\u00e9grette i Fronton.<\/em><\/p>\t\t\t\t\t\t\t\t<\/div>\n\t\t\t\t<\/div>\n\t\t\t\t\t<\/div>\n\t\t<\/div>\n\t\t\t\t\t<\/div>\n\t\t<\/section>\n\t\t\t\t<section class=\"elementor-section elementor-top-section elementor-element elementor-element-1ecedb6 elementor-section-stretched elementor-section-full_width elementor-section-height-default elementor-section-height-default\" data-id=\"1ecedb6\" data-element_type=\"section\" data-e-type=\"section\" data-settings=\"{&quot;stretch_section&quot;:&quot;section-stretched&quot;}\">\n\t\t\t\t\t\t<div class=\"elementor-container elementor-column-gap-default\">\n\t\t\t\t\t<div class=\"elementor-column elementor-col-100 elementor-top-column elementor-element elementor-element-fe8d0bb\" data-id=\"fe8d0bb\" data-element_type=\"column\" data-e-type=\"column\">\n\t\t\t<div class=\"elementor-widget-wrap elementor-element-populated\">\n\t\t\t\t\t\t<div class=\"elementor-element elementor-element-2cd0388 elementor-widget elementor-widget-image\" data-id=\"2cd0388\" data-element_type=\"widget\" data-e-type=\"widget\" data-widget_type=\"image.default\">\n\t\t\t\t<div class=\"elementor-widget-container\">\n\t\t\t\t\t\t\t\t\t\t\t\t<figure class=\"wp-caption\">\n\t\t\t\t\t\t\t\t\t\t\t<a href=\"https:\/\/www.bkwine.com\/wp-content\/uploads\/2020\/10\/20200903_203856.jpg\" data-elementor-open-lightbox=\"yes\" data-elementor-lightbox-title=\"La Folle Noire d\u2019Ambat, Le Roc, Fronton, South West (Sud-Ouest)\" data-e-action-hash=\"#elementor-action%3Aaction%3Dlightbox%26settings%3DeyJpZCI6MzU3ODI3LCJ1cmwiOiJodHRwczpcL1wvd3d3LmJrd2luZS5jb21cL3dwLWNvbnRlbnRcL3VwbG9hZHNcLzIwMjBcLzEwXC8yMDIwMDkwM18yMDM4NTYuanBnIn0%3D\">\n\t\t\t\t\t\t\t<img loading=\"lazy\" decoding=\"async\" width=\"1080\" height=\"608\" src=\"https:\/\/www.bkwine.com\/wp-content\/uploads\/2020\/10\/20200903_203856.jpg\" class=\"attachment-full size-full wp-image-357827\" alt=\"La Folle Noire d\u2019Ambat, Le Roc, Fronton, South West (Sud-Ouest)\" srcset=\"https:\/\/www.bkwine.com\/wp-content\/uploads\/2020\/10\/20200903_203856.jpg 1080w, https:\/\/www.bkwine.com\/wp-content\/uploads\/2020\/10\/20200903_203856-300x169.jpg 300w, https:\/\/www.bkwine.com\/wp-content\/uploads\/2020\/10\/20200903_203856-768x432.jpg 768w\" sizes=\"(max-width: 1080px) 100vw, 1080px\" \/>\t\t\t\t\t\t\t\t<\/a>\n\t\t\t\t\t\t\t\t\t\t\t<figcaption class=\"widget-image-caption wp-caption-text\">La Folle Noire d\u2019Ambat, Le Roc, Fronton, South West (Sud-Ouest), copyright BKWine Photography<\/figcaption>\n\t\t\t\t\t\t\t\t\t\t<\/figure>\n\t\t\t\t\t\t\t\t\t<\/div>\n\t\t\t\t<\/div>\n\t\t\t\t\t<\/div>\n\t\t<\/div>\n\t\t\t\t\t<\/div>\n\t\t<\/section>\n\t\t\t\t<section class=\"elementor-section elementor-top-section elementor-element elementor-element-0e499a4 elementor-section-boxed elementor-section-height-default elementor-section-height-default\" data-id=\"0e499a4\" data-element_type=\"section\" data-e-type=\"section\">\n\t\t\t\t\t\t<div class=\"elementor-container elementor-column-gap-default\">\n\t\t\t\t\t<div class=\"elementor-column elementor-col-100 elementor-top-column elementor-element elementor-element-619eaeb\" data-id=\"619eaeb\" data-element_type=\"column\" data-e-type=\"column\">\n\t\t\t<div class=\"elementor-widget-wrap elementor-element-populated\">\n\t\t\t\t\t\t<div class=\"elementor-element elementor-element-6ec2fd2 elementor-widget elementor-widget-text-editor\" data-id=\"6ec2fd2\" data-element_type=\"widget\" data-e-type=\"widget\" data-widget_type=\"text-editor.default\">\n\t\t\t\t<div class=\"elementor-widget-container\">\n\t\t\t\t\t\t\t\t\t<p><strong><em>L\u00e4s v\u00e5ra provningskommentarer om detta vin h\u00e4r: <a href=\"https:\/\/www.bkwine.com\/sv\/reportage\/provningar\/i-glaset-bra-viner-september-2020\/\">I glaset: Bra viner vi provat sedan sist, september 2020<\/a>.<\/em><\/strong><\/p><h2>Cahors<\/h2><p>I Cahors har man valt att beh\u00e5lla sin traditionella druva <strong>malbec<\/strong>. N\u00e4r man fick sin appellation contr\u00f4l\u00e9e-status 1971 bannlyste man cabernet sauvignon fr\u00e5n till\u00e5tna druvsorter f\u00f6r att inte bli en satellit till Bordeaux (som ligger 10 mil d\u00e4rifr\u00e5n). Malbec g\u00e5r \u00e4ven under namnet c\u00f4t, och kallas ibland lokalt ocks\u00e5 f\u00f6r <strong>auxerrois<\/strong>. Den m\u00e5ste ing\u00e5 till minst 70 %. Den kan kompletteras med merlot och <strong>tannat<\/strong>. F\u00f6rr hade man \u00e4ven ovanliga tv\u00e5 druvor som gick under namnen <strong>juran\u00e7on noir<\/strong> och <strong>m\u00e9rille<\/strong>. Idag har man runt 4000 hektar planterade.<\/p><p>Malbec kan ge ett mycket kraftigt vin med m\u00f6rk f\u00e4rg. F\u00f6rr talade man om det \u201dsvarta\u201d vinet fr\u00e5n Cahors. En del odlare g\u00f6r nu \u00e5terigen denna traditionella typ av Cahors, vilket egentligen gjordes med delvis torkade druvor.<\/p>\t\t\t\t\t\t\t\t<\/div>\n\t\t\t\t<\/div>\n\t\t\t\t\t<\/div>\n\t\t<\/div>\n\t\t\t\t\t<\/div>\n\t\t<\/section>\n\t\t\t\t<section class=\"elementor-section elementor-top-section elementor-element elementor-element-e64072b elementor-section-stretched elementor-section-full_width elementor-section-height-default elementor-section-height-default\" data-id=\"e64072b\" data-element_type=\"section\" data-e-type=\"section\" data-settings=\"{&quot;stretch_section&quot;:&quot;section-stretched&quot;}\">\n\t\t\t\t\t\t<div class=\"elementor-container elementor-column-gap-default\">\n\t\t\t\t\t<div class=\"elementor-column elementor-col-100 elementor-top-column elementor-element elementor-element-226b9e7\" data-id=\"226b9e7\" data-element_type=\"column\" data-e-type=\"column\">\n\t\t\t<div class=\"elementor-widget-wrap elementor-element-populated\">\n\t\t\t\t\t\t<div class=\"elementor-element elementor-element-73bcc07 elementor-widget elementor-widget-image\" data-id=\"73bcc07\" data-element_type=\"widget\" data-e-type=\"widget\" data-widget_type=\"image.default\">\n\t\t\t\t<div class=\"elementor-widget-container\">\n\t\t\t\t\t\t\t\t\t\t\t\t<figure class=\"wp-caption\">\n\t\t\t\t\t\t\t\t\t\t\t<a href=\"https:\/\/www.bkwine.com\/wp-content\/uploads\/2021\/05\/mf20-4812.jpg\" data-elementor-open-lightbox=\"yes\" data-elementor-lightbox-title=\"Puy l&#039;Eveque on the Lot River in Cahors, one of the many beautiful villages in the French Sud-Ouest\" data-e-action-hash=\"#elementor-action%3Aaction%3Dlightbox%26settings%3DeyJpZCI6MzkyMDY0LCJ1cmwiOiJodHRwczpcL1wvd3d3LmJrd2luZS5jb21cL3dwLWNvbnRlbnRcL3VwbG9hZHNcLzIwMjFcLzA1XC9tZjIwLTQ4MTIuanBnIn0%3D\">\n\t\t\t\t\t\t\t<img loading=\"lazy\" decoding=\"async\" width=\"1080\" height=\"608\" src=\"https:\/\/www.bkwine.com\/wp-content\/uploads\/2021\/05\/mf20-4812.jpg\" class=\"attachment-full size-full wp-image-392064\" alt=\"Puy l&apos;Eveque on the Lot River in Cahors, one of the many beautiful villages in the French Sud-Ouest\" srcset=\"https:\/\/www.bkwine.com\/wp-content\/uploads\/2021\/05\/mf20-4812.jpg 1080w, https:\/\/www.bkwine.com\/wp-content\/uploads\/2021\/05\/mf20-4812-300x169.jpg 300w, https:\/\/www.bkwine.com\/wp-content\/uploads\/2021\/05\/mf20-4812-768x432.jpg 768w\" sizes=\"(max-width: 1080px) 100vw, 1080px\" \/>\t\t\t\t\t\t\t\t<\/a>\n\t\t\t\t\t\t\t\t\t\t\t<figcaption class=\"widget-image-caption wp-caption-text\">Puy l'Eveque on the Lot River in Cahors, one of the many beautiful villages in the French Sud-Ouest, copyright BKWine Photography<\/figcaption>\n\t\t\t\t\t\t\t\t\t\t<\/figure>\n\t\t\t\t\t\t\t\t\t<\/div>\n\t\t\t\t<\/div>\n\t\t\t\t\t<\/div>\n\t\t<\/div>\n\t\t\t\t\t<\/div>\n\t\t<\/section>\n\t\t\t\t<section class=\"elementor-section elementor-top-section elementor-element elementor-element-366c771 elementor-section-boxed elementor-section-height-default elementor-section-height-default\" data-id=\"366c771\" data-element_type=\"section\" data-e-type=\"section\">\n\t\t\t\t\t\t<div class=\"elementor-container elementor-column-gap-default\">\n\t\t\t\t\t<div class=\"elementor-column elementor-col-100 elementor-top-column elementor-element elementor-element-3234a46\" data-id=\"3234a46\" data-element_type=\"column\" data-e-type=\"column\">\n\t\t\t<div class=\"elementor-widget-wrap elementor-element-populated\">\n\t\t\t\t\t\t<div class=\"elementor-element elementor-element-6c4c07c elementor-widget elementor-widget-text-editor\" data-id=\"6c4c07c\" data-element_type=\"widget\" data-e-type=\"widget\" data-widget_type=\"text-editor.default\">\n\t\t\t\t<div class=\"elementor-widget-container\">\n\t\t\t\t\t\t\t\t\t<p>Men tyv\u00e4rr har epitetet \u201ddet svarta vinet fr\u00e5n Cahors\u201d legat dem i fatet. Inte bara \u00e4r det baserat p\u00e5 ett missf\u00f6rst\u00e5nd (det handlar om vinet gjorda p\u00e5 ett speciellt s\u00e4tt), men det ha ocks\u00e5 gett vinerna h\u00e4rifr\u00e5n ett rykte av att vara extremt k\u00e4rva och kraftiga och beh\u00f6ver \u00e5rtionden i k\u00e4llaren innan de dricks, ett rykte som skr\u00e4mmer bort mer \u00e4n det lockar. Och vinerna h\u00e4rifr\u00e5n \u00e4r inte alls s\u00e5dana.<\/p><p>M\u00e5nga producenter rundar av med en del merlot och det betyder att det finns olika stilar av Cahors, en del l\u00e4ttare f\u00f6r snabb konsumtion, en del kraftiga och str\u00e4va. Det finns en stor sp\u00e4nnvid av olika typer av viner, allt fr\u00e5n mycket h\u00f6gklassiga och ambiti\u00f6sa viner till l\u00e4tta och l\u00e4skande sommarviner.<\/p>\t\t\t\t\t\t\t\t<\/div>\n\t\t\t\t<\/div>\n\t\t\t\t\t<\/div>\n\t\t<\/div>\n\t\t\t\t\t<\/div>\n\t\t<\/section>\n\t\t\t\t<section class=\"elementor-section elementor-top-section elementor-element elementor-element-f961bce elementor-section-stretched elementor-section-full_width elementor-section-height-default elementor-section-height-default\" data-id=\"f961bce\" data-element_type=\"section\" data-e-type=\"section\" data-settings=\"{&quot;stretch_section&quot;:&quot;section-stretched&quot;}\">\n\t\t\t\t\t\t<div class=\"elementor-container elementor-column-gap-default\">\n\t\t\t\t\t<div class=\"elementor-column elementor-col-100 elementor-top-column elementor-element elementor-element-61e91d6\" data-id=\"61e91d6\" data-element_type=\"column\" data-e-type=\"column\">\n\t\t\t<div class=\"elementor-widget-wrap elementor-element-populated\">\n\t\t\t\t\t\t<div class=\"elementor-element elementor-element-b27a1f9 elementor-widget elementor-widget-image\" data-id=\"b27a1f9\" data-element_type=\"widget\" data-e-type=\"widget\" data-widget_type=\"image.default\">\n\t\t\t\t<div class=\"elementor-widget-container\">\n\t\t\t\t\t\t\t\t\t\t\t\t<figure class=\"wp-caption\">\n\t\t\t\t\t\t\t\t\t\t\t<a href=\"https:\/\/www.bkwine.com\/wp-content\/uploads\/2021\/05\/20200625_204309.jpg\" data-elementor-open-lightbox=\"yes\" data-elementor-lightbox-title=\"Haute Cot(e) de Fruit Malbec, Cahors, Fabien Jouves, a young, talented and slightly rebellious winemaker\" data-e-action-hash=\"#elementor-action%3Aaction%3Dlightbox%26settings%3DeyJpZCI6MzkyMDY3LCJ1cmwiOiJodHRwczpcL1wvd3d3LmJrd2luZS5jb21cL3dwLWNvbnRlbnRcL3VwbG9hZHNcLzIwMjFcLzA1XC8yMDIwMDYyNV8yMDQzMDkuanBnIn0%3D\">\n\t\t\t\t\t\t\t<img loading=\"lazy\" decoding=\"async\" width=\"1080\" height=\"608\" src=\"https:\/\/www.bkwine.com\/wp-content\/uploads\/2021\/05\/20200625_204309.jpg\" class=\"attachment-full size-full wp-image-392067\" alt=\"Haute Cot(e) de Fruit Malbec, Cahors, Fabien Jouves, a young, talented and slightly rebellious winemaker\" srcset=\"https:\/\/www.bkwine.com\/wp-content\/uploads\/2021\/05\/20200625_204309.jpg 1080w, https:\/\/www.bkwine.com\/wp-content\/uploads\/2021\/05\/20200625_204309-300x169.jpg 300w, https:\/\/www.bkwine.com\/wp-content\/uploads\/2021\/05\/20200625_204309-768x432.jpg 768w\" sizes=\"(max-width: 1080px) 100vw, 1080px\" \/>\t\t\t\t\t\t\t\t<\/a>\n\t\t\t\t\t\t\t\t\t\t\t<figcaption class=\"widget-image-caption wp-caption-text\">Haute Cot(e) de Fruit Malbec, Cahors, Fabien Jouves, a young, talented and slightly rebellious winemaker, copyright BKWine Photography<\/figcaption>\n\t\t\t\t\t\t\t\t\t\t<\/figure>\n\t\t\t\t\t\t\t\t\t<\/div>\n\t\t\t\t<\/div>\n\t\t\t\t\t<\/div>\n\t\t<\/div>\n\t\t\t\t\t<\/div>\n\t\t<\/section>\n\t\t\t\t<section class=\"elementor-section elementor-top-section elementor-element elementor-element-9f70430 elementor-section-boxed elementor-section-height-default elementor-section-height-default\" data-id=\"9f70430\" data-element_type=\"section\" data-e-type=\"section\">\n\t\t\t\t\t\t<div class=\"elementor-container elementor-column-gap-default\">\n\t\t\t\t\t<div class=\"elementor-column elementor-col-100 elementor-top-column elementor-element elementor-element-3b010ba\" data-id=\"3b010ba\" data-element_type=\"column\" data-e-type=\"column\">\n\t\t\t<div class=\"elementor-widget-wrap elementor-element-populated\">\n\t\t\t\t\t\t<div class=\"elementor-element elementor-element-2112aee elementor-widget elementor-widget-text-editor\" data-id=\"2112aee\" data-element_type=\"widget\" data-e-type=\"widget\" data-widget_type=\"text-editor.default\">\n\t\t\t\t<div class=\"elementor-widget-container\">\n\t\t\t\t\t\t\t\t\t<p>Idag \u00e4r malbec nog mer k\u00e4nd som nationaldruvan i Argentina, d\u00e4r den \u00e4r en av de mest planterade druvorna. \u201dMalbec from Argentina\u201d har haft en enorm succ\u00e9, inte minst i USA, s\u00e5 att Cahors idag ibland marknadsf\u00f6r sig som \u201dthe Original Malbec\u201d. Att j\u00e4mf\u00f6ra de tv\u00e5 stilarna \u00e4r intressant. Vinerna fr\u00e5n Cahors \u00e4r oftast mer strukturerade med mer tannin och stramhet och vinerna fr\u00e5n Argentina har mer mogen frukt. Men det finns massor med undantag \u00e5t b\u00e5da h\u00e5llen.<\/p><p>Hela vindistriktet slingrar sig fram i ett bed\u00e5rande vackert landskap l\u00e4ngs floden Lot. Det finns m\u00e5nga sp\u00e4nnande och h\u00f6gklassiga producenter att leta upp h\u00e4r.<\/p><p>Cahors har \u00e4ven av n\u00e5gon besynnerlig anledning l\u00e5nat sitt namn till en typ av starkviner som produceras i Moldavien och Rum\u00e4nien. Idag f\u00e5r de inte l\u00e4ngre s\u00e4ljas som Cahors utan kallas pastoral.<\/p><h3>Cahors p\u00e5 Systembolaget<\/h3><p>Utbudet \u00e4r lite b\u00e4ttre \u00e4n f\u00f6r Gaillac med ett 20-tal referenser, men \u00e4ven h\u00e4r huvudsakligen i de privata import\u00f6rernas \u201dbest\u00e4llningssortiment\u201d. N\u00e5gra producenter att pr\u00f6va:<\/p><ul><li>Clos Troteligotte<\/li><li>Domaine Cosse &amp; Maisonneuve<\/li><li>Clos Triguedina, med Jean Luc Bald\u00e8s, en av de verkligen stora i Cahors<\/li><\/ul>\t\t\t\t\t\t\t\t<\/div>\n\t\t\t\t<\/div>\n\t\t\t\t\t<\/div>\n\t\t<\/div>\n\t\t\t\t\t<\/div>\n\t\t<\/section>\n\t\t\t\t<section class=\"elementor-section elementor-top-section elementor-element elementor-element-f57845c elementor-section-stretched elementor-section-full_width elementor-section-height-default elementor-section-height-default\" data-id=\"f57845c\" data-element_type=\"section\" data-e-type=\"section\" data-settings=\"{&quot;stretch_section&quot;:&quot;section-stretched&quot;}\">\n\t\t\t\t\t\t<div class=\"elementor-container elementor-column-gap-default\">\n\t\t\t\t\t<div class=\"elementor-column elementor-col-100 elementor-top-column elementor-element elementor-element-a42f4e5\" data-id=\"a42f4e5\" data-element_type=\"column\" data-e-type=\"column\">\n\t\t\t<div class=\"elementor-widget-wrap elementor-element-populated\">\n\t\t\t\t\t\t<div class=\"elementor-element elementor-element-988e751 elementor-widget elementor-widget-image\" data-id=\"988e751\" data-element_type=\"widget\" data-e-type=\"widget\" data-widget_type=\"image.default\">\n\t\t\t\t<div class=\"elementor-widget-container\">\n\t\t\t\t\t\t\t\t\t\t\t\t<figure class=\"wp-caption\">\n\t\t\t\t\t\t\t\t\t\t\t<a href=\"https:\/\/www.bkwine.com\/wp-content\/uploads\/2020\/12\/20200930_210540.jpg\" data-elementor-open-lightbox=\"yes\" data-elementor-lightbox-title=\"Le Pur Fruit du Causse 2018, Ch\u00e2teau Combel la Serre, Cahors\" data-e-action-hash=\"#elementor-action%3Aaction%3Dlightbox%26settings%3DeyJpZCI6MzY0ODMwLCJ1cmwiOiJodHRwczpcL1wvd3d3LmJrd2luZS5jb21cL3dwLWNvbnRlbnRcL3VwbG9hZHNcLzIwMjBcLzEyXC8yMDIwMDkzMF8yMTA1NDAuanBnIn0%3D\">\n\t\t\t\t\t\t\t<img loading=\"lazy\" decoding=\"async\" width=\"1080\" height=\"608\" src=\"https:\/\/www.bkwine.com\/wp-content\/uploads\/2020\/12\/20200930_210540.jpg\" class=\"attachment-full size-full wp-image-364830\" alt=\"Le Pur Fruit du Causse 2018, Ch\u00e2teau Combel la Serre, Cahors\" srcset=\"https:\/\/www.bkwine.com\/wp-content\/uploads\/2020\/12\/20200930_210540.jpg 1080w, https:\/\/www.bkwine.com\/wp-content\/uploads\/2020\/12\/20200930_210540-300x169.jpg 300w, https:\/\/www.bkwine.com\/wp-content\/uploads\/2020\/12\/20200930_210540-768x432.jpg 768w\" sizes=\"(max-width: 1080px) 100vw, 1080px\" \/>\t\t\t\t\t\t\t\t<\/a>\n\t\t\t\t\t\t\t\t\t\t\t<figcaption class=\"widget-image-caption wp-caption-text\">Le Pur Fruit du Causse 2018, Ch\u00e2teau Combel la Serre, Cahors, copyright BKWine Photography<\/figcaption>\n\t\t\t\t\t\t\t\t\t\t<\/figure>\n\t\t\t\t\t\t\t\t\t<\/div>\n\t\t\t\t<\/div>\n\t\t\t\t\t<\/div>\n\t\t<\/div>\n\t\t\t\t\t<\/div>\n\t\t<\/section>\n\t\t\t\t<section class=\"elementor-section elementor-top-section elementor-element elementor-element-2c77f2d elementor-section-boxed elementor-section-height-default elementor-section-height-default\" data-id=\"2c77f2d\" data-element_type=\"section\" data-e-type=\"section\">\n\t\t\t\t\t\t<div class=\"elementor-container elementor-column-gap-default\">\n\t\t\t\t\t<div class=\"elementor-column elementor-col-100 elementor-top-column elementor-element elementor-element-65f8580\" data-id=\"65f8580\" data-element_type=\"column\" data-e-type=\"column\">\n\t\t\t<div class=\"elementor-widget-wrap elementor-element-populated\">\n\t\t\t\t\t\t<div class=\"elementor-element elementor-element-c88a94f elementor-widget elementor-widget-text-editor\" data-id=\"c88a94f\" data-element_type=\"widget\" data-e-type=\"widget\" data-widget_type=\"text-editor.default\">\n\t\t\t\t<div class=\"elementor-widget-container\">\n\t\t\t\t\t\t\t\t\t<p><strong><em>L\u00e4s v\u00e5ra provningskommentarer p\u00e5 detta vin h\u00e4r: <a href=\"https:\/\/www.bkwine.com\/sv\/reportage\/provningar\/i-glaset-bra-viner-december-2020\/\">I glaset: Bra viner vi provat sedan sist, december 2020<\/a>.<\/em><\/strong><\/p><h2>Madiran<\/h2><p>Ytterligare lite s\u00f6derut, om vi tar oss ner genom Armagnac, st\u00f6ter vi p\u00e5 Madiran, ett gammalt vindistrikt som fick sin AOC\/AOP redan 1942. Men egentligen var det f\u00f6rst p\u00e5 80-talet som det b\u00f6rjade produceras n\u00e5gon st\u00f6rre volym vin i Madiran.<\/p><p>Madirans egen druva heter <strong>tannat<\/strong>. Den \u00e4r kraftfull och tanninsrik med mycket svarta vinb\u00e4r och bj\u00f6rnb\u00e4r. Den mjukas ibland upp med eklagring eller med andra druvor som cabernet franc eller cabernet sauvignon. N\u00e5gon av dessa, eller b\u00e5da tillsammans, m\u00e5ste ing\u00e5 till 40 % i ett Madiran-vin enligt AOP-reglerna. Dock s\u00e4ger best\u00e4mmelserna inte att proportionerna m\u00e5ste vara s\u00e5 i flaskan utan det g\u00e4ller i ving\u00e5rden, s\u00e5 du kan mycket v\u00e4l hitta ett madiranvin med 100 % tannat. Ut\u00f6ver dessa tre druvor anv\u00e4nder man ocks\u00e5 den traditionella <strong>fer servadou<\/strong> (<strong>braucol<\/strong>).<\/p><p>En producent som \u00e4r b\u00e5de k\u00e4nd och f\u00f6rtjust i att g\u00f6ra rena tannatviner \u00e4r Alain Brumont p\u00e5 Domaine Bouscass\u00e9 och Ch\u00e2teau Montus. Han sticker inte under stol med att han tycker att appellations-reglerna b\u00f6r \u00e4ndras till att bara till\u00e5ta tannat. Hans \u00e5sikter \u00e4r inte alltid popul\u00e4ra hos de mindre odlarna. De vill i och f\u00f6r sig g\u00e4rna bevara Madirans kraftiga, rustika karakt\u00e4r men beh\u00f6ver g\u00f6ra viner som kan marknadsf\u00f6ras tidigt f\u00f6r att kunna \u00f6verleva ekonomiskt.<\/p>\t\t\t\t\t\t\t\t<\/div>\n\t\t\t\t<\/div>\n\t\t\t\t\t<\/div>\n\t\t<\/div>\n\t\t\t\t\t<\/div>\n\t\t<\/section>\n\t\t\t\t<section class=\"elementor-section elementor-top-section elementor-element elementor-element-356f155 elementor-section-stretched elementor-section-full_width elementor-section-height-default elementor-section-height-default\" data-id=\"356f155\" data-element_type=\"section\" data-e-type=\"section\" data-settings=\"{&quot;stretch_section&quot;:&quot;section-stretched&quot;}\">\n\t\t\t\t\t\t<div class=\"elementor-container elementor-column-gap-default\">\n\t\t\t\t\t<div class=\"elementor-column elementor-col-100 elementor-top-column elementor-element elementor-element-663ad20\" data-id=\"663ad20\" data-element_type=\"column\" data-e-type=\"column\">\n\t\t\t<div class=\"elementor-widget-wrap elementor-element-populated\">\n\t\t\t\t\t\t<div class=\"elementor-element elementor-element-948a039 elementor-widget elementor-widget-image\" data-id=\"948a039\" data-element_type=\"widget\" data-e-type=\"widget\" data-widget_type=\"image.default\">\n\t\t\t\t<div class=\"elementor-widget-container\">\n\t\t\t\t\t\t\t\t\t\t\t\t<figure class=\"wp-caption\">\n\t\t\t\t\t\t\t\t\t\t\t<a href=\"https:\/\/www.bkwine.com\/wp-content\/uploads\/2021\/05\/mf20-5389.jpg\" data-elementor-open-lightbox=\"yes\" data-elementor-lightbox-title=\"The French Sud-Ouest is filled with beautiful scenery, here, a vineyard in Cahors along the Lot River\" data-e-action-hash=\"#elementor-action%3Aaction%3Dlightbox%26settings%3DeyJpZCI6MzkyMDY1LCJ1cmwiOiJodHRwczpcL1wvd3d3LmJrd2luZS5jb21cL3dwLWNvbnRlbnRcL3VwbG9hZHNcLzIwMjFcLzA1XC9tZjIwLTUzODkuanBnIn0%3D\">\n\t\t\t\t\t\t\t<img loading=\"lazy\" decoding=\"async\" width=\"1080\" height=\"608\" src=\"https:\/\/www.bkwine.com\/wp-content\/uploads\/2021\/05\/mf20-5389.jpg\" class=\"attachment-full size-full wp-image-392065\" alt=\"The French Sud-Ouest is filled with beautiful scenery, here, a vineyard in Cahors along the Lot River\" srcset=\"https:\/\/www.bkwine.com\/wp-content\/uploads\/2021\/05\/mf20-5389.jpg 1080w, https:\/\/www.bkwine.com\/wp-content\/uploads\/2021\/05\/mf20-5389-300x169.jpg 300w, https:\/\/www.bkwine.com\/wp-content\/uploads\/2021\/05\/mf20-5389-768x432.jpg 768w\" sizes=\"(max-width: 1080px) 100vw, 1080px\" \/>\t\t\t\t\t\t\t\t<\/a>\n\t\t\t\t\t\t\t\t\t\t\t<figcaption class=\"widget-image-caption wp-caption-text\">The French Sud-Ouest is filled with beautiful scenery, here, a vineyard in Cahors along the Lot River, copyright BKWine Photography<\/figcaption>\n\t\t\t\t\t\t\t\t\t\t<\/figure>\n\t\t\t\t\t\t\t\t\t<\/div>\n\t\t\t\t<\/div>\n\t\t\t\t\t<\/div>\n\t\t<\/div>\n\t\t\t\t\t<\/div>\n\t\t<\/section>\n\t\t\t\t<section class=\"elementor-section elementor-top-section elementor-element elementor-element-97d1c02 elementor-section-boxed elementor-section-height-default elementor-section-height-default\" data-id=\"97d1c02\" data-element_type=\"section\" data-e-type=\"section\">\n\t\t\t\t\t\t<div class=\"elementor-container elementor-column-gap-default\">\n\t\t\t\t\t<div class=\"elementor-column elementor-col-100 elementor-top-column elementor-element elementor-element-804b795\" data-id=\"804b795\" data-element_type=\"column\" data-e-type=\"column\">\n\t\t\t<div class=\"elementor-widget-wrap elementor-element-populated\">\n\t\t\t\t\t\t<div class=\"elementor-element elementor-element-d71f77b elementor-widget elementor-widget-text-editor\" data-id=\"d71f77b\" data-element_type=\"widget\" data-e-type=\"widget\" data-widget_type=\"text-editor.default\">\n\t\t\t\t<div class=\"elementor-widget-container\">\n\t\t\t\t\t\t\t\t\t<p>Men idag \u00e4r madiran inte s\u00e5 rustikt som det kanske var f\u00f6rr. Teknik och kunskap har g\u00e5tt fram\u00e5t och man \u00e4r duktigare p\u00e5 att bem\u00e4stra tannats kraft. Men f\u00f6rvisso, en madiran \u00e4r ett perfekt komplement till en god k\u00f6ttbit med bearnaises\u00e5s. F\u00f6r vi \u00e4r har i den franska regionen som heter B\u00e9arn. (Fast vissa p\u00e5st\u00e5r att s\u00e5sen inte alls kommer h\u00e4rifr\u00e5n.)<\/p><p>F\u00f6rresten, B\u00e9arn har ocks\u00e5 sin egen appellation. Fr\u00e5n runt 260 ha kan AOP Bearn vara r\u00f6d, vit eller ros\u00e9. Det finns cirka 35 producenter. De vita \u00e4r gjord av <strong>gros manseng, petit manseng, raffiat de moncade, camaralet de lasseube, courbu, lauzet, petit courbu<\/strong>, sauvignon blanc. De r\u00f6da vinerna kommer fr\u00e5n cabernet franc (\u201dbouchy\u201d), cabernet-sauvignon, <strong>tannat, courbu noir, fer (fer servadou, \u201dpinenc\u201d)<\/strong> och <strong>manseng noir<\/strong>. D\u00e4r har du n\u00e5gra fler att l\u00e4gga till i din samling med ovanliga druvsorter.<\/p>\t\t\t\t\t\t\t\t<\/div>\n\t\t\t\t<\/div>\n\t\t\t\t\t<\/div>\n\t\t<\/div>\n\t\t\t\t\t<\/div>\n\t\t<\/section>\n\t\t\t\t<section class=\"elementor-section elementor-top-section elementor-element elementor-element-f42a9a7 elementor-section-stretched elementor-section-full_width elementor-section-height-default elementor-section-height-default\" data-id=\"f42a9a7\" data-element_type=\"section\" data-e-type=\"section\" data-settings=\"{&quot;stretch_section&quot;:&quot;section-stretched&quot;}\">\n\t\t\t\t\t\t<div class=\"elementor-container elementor-column-gap-default\">\n\t\t\t\t\t<div class=\"elementor-column elementor-col-100 elementor-top-column elementor-element elementor-element-933fede\" data-id=\"933fede\" data-element_type=\"column\" data-e-type=\"column\">\n\t\t\t<div class=\"elementor-widget-wrap elementor-element-populated\">\n\t\t\t\t\t\t<div class=\"elementor-element elementor-element-5f7d819 elementor-widget elementor-widget-image\" data-id=\"5f7d819\" data-element_type=\"widget\" data-e-type=\"widget\" data-widget_type=\"image.default\">\n\t\t\t\t<div class=\"elementor-widget-container\">\n\t\t\t\t\t\t\t\t\t\t\t\t<figure class=\"wp-caption\">\n\t\t\t\t\t\t\t\t\t\t\t<a href=\"https:\/\/www.bkwine.com\/wp-content\/uploads\/2020\/12\/20201004_201220.jpg\" data-elementor-open-lightbox=\"yes\" data-elementor-lightbox-title=\"Domaine Lapeyre 2017, AOP B\u00e9arn, Southwest\" data-e-action-hash=\"#elementor-action%3Aaction%3Dlightbox%26settings%3DeyJpZCI6MzY0ODQyLCJ1cmwiOiJodHRwczpcL1wvd3d3LmJrd2luZS5jb21cL3dwLWNvbnRlbnRcL3VwbG9hZHNcLzIwMjBcLzEyXC8yMDIwMTAwNF8yMDEyMjAuanBnIn0%3D\">\n\t\t\t\t\t\t\t<img loading=\"lazy\" decoding=\"async\" width=\"1080\" height=\"608\" src=\"https:\/\/www.bkwine.com\/wp-content\/uploads\/2020\/12\/20201004_201220.jpg\" class=\"attachment-full size-full wp-image-364842\" alt=\"Domaine Lapeyre 2017, AOP B\u00e9arn, Southwest\" srcset=\"https:\/\/www.bkwine.com\/wp-content\/uploads\/2020\/12\/20201004_201220.jpg 1080w, https:\/\/www.bkwine.com\/wp-content\/uploads\/2020\/12\/20201004_201220-300x169.jpg 300w, https:\/\/www.bkwine.com\/wp-content\/uploads\/2020\/12\/20201004_201220-768x432.jpg 768w\" sizes=\"(max-width: 1080px) 100vw, 1080px\" \/>\t\t\t\t\t\t\t\t<\/a>\n\t\t\t\t\t\t\t\t\t\t\t<figcaption class=\"widget-image-caption wp-caption-text\">Domaine Lapeyre 2017, AOP B\u00e9arn, Southwest, copyright BKWine Photography<\/figcaption>\n\t\t\t\t\t\t\t\t\t\t<\/figure>\n\t\t\t\t\t\t\t\t\t<\/div>\n\t\t\t\t<\/div>\n\t\t\t\t\t<\/div>\n\t\t<\/div>\n\t\t\t\t\t<\/div>\n\t\t<\/section>\n\t\t\t\t<section class=\"elementor-section elementor-top-section elementor-element elementor-element-0773c2f elementor-section-boxed elementor-section-height-default elementor-section-height-default\" data-id=\"0773c2f\" data-element_type=\"section\" data-e-type=\"section\">\n\t\t\t\t\t\t<div class=\"elementor-container elementor-column-gap-default\">\n\t\t\t\t\t<div class=\"elementor-column elementor-col-100 elementor-top-column elementor-element elementor-element-4c168a6\" data-id=\"4c168a6\" data-element_type=\"column\" data-e-type=\"column\">\n\t\t\t<div class=\"elementor-widget-wrap elementor-element-populated\">\n\t\t\t\t\t\t<div class=\"elementor-element elementor-element-bde5516 elementor-widget elementor-widget-text-editor\" data-id=\"bde5516\" data-element_type=\"widget\" data-e-type=\"widget\" data-widget_type=\"text-editor.default\">\n\t\t\t\t<div class=\"elementor-widget-container\">\n\t\t\t\t\t\t\t\t\t<p><strong><em>L\u00e4s v\u00e5ra provningskommentarer om detta vin h\u00e4r: <a href=\"https:\/\/www.bkwine.com\/sv\/reportage\/provningar\/i-glaset-bra-viner-december-2020\/\">I glaset: Bra viner vi provat sedan sist, december 2020<\/a>.<\/em><\/strong><\/p><p>Alain Brumont \u00e4r legendarisk med det arbete som han gjort f\u00f6r att f\u00f6ra fram detta lilla distrikts viner till vin\u00e4lskare i andra l\u00e4nder. Utan honom hade nog inte m\u00e5nga h\u00f6rt talas om Madiran. Men idag finns det m\u00e5nga vinproducenter som g\u00f6r str\u00e5lande madiran till mycket rimliga priser. Ibland \u00e4r de eklagrade, speciellt de mer ambiti\u00f6sa cuv\u00e9erna, men man l\u00e4gger \u00e4ven stor vikt vid att beh\u00e5lla den friska frukten.<\/p><p>Huvuddruvan tannat har \u00e4ven gjort sig ett namn som nationaldruvan i Uruguay, som till och med tagit sig namnet Tannat Land.<\/p><p>Madiran \u00e4r ett ganska litet distrikt med bara runt 1300 hektar och runt femtio producenter.<\/p>\t\t\t\t\t\t\t\t<\/div>\n\t\t\t\t<\/div>\n\t\t\t\t\t<\/div>\n\t\t<\/div>\n\t\t\t\t\t<\/div>\n\t\t<\/section>\n\t\t\t\t<section class=\"elementor-section elementor-top-section elementor-element elementor-element-25cbd79 elementor-section-stretched elementor-section-full_width elementor-section-height-default elementor-section-height-default\" data-id=\"25cbd79\" data-element_type=\"section\" data-e-type=\"section\" data-settings=\"{&quot;stretch_section&quot;:&quot;section-stretched&quot;}\">\n\t\t\t\t\t\t<div class=\"elementor-container elementor-column-gap-default\">\n\t\t\t\t\t<div class=\"elementor-column elementor-col-100 elementor-top-column elementor-element elementor-element-cb1350f\" data-id=\"cb1350f\" data-element_type=\"column\" data-e-type=\"column\">\n\t\t\t<div class=\"elementor-widget-wrap elementor-element-populated\">\n\t\t\t\t\t\t<div class=\"elementor-element elementor-element-5034cd1 elementor-widget elementor-widget-image\" data-id=\"5034cd1\" data-element_type=\"widget\" data-e-type=\"widget\" data-widget_type=\"image.default\">\n\t\t\t\t<div class=\"elementor-widget-container\">\n\t\t\t\t\t\t\t\t\t\t\t\t<figure class=\"wp-caption\">\n\t\t\t\t\t\t\t\t\t\t\t<a href=\"https:\/\/www.bkwine.com\/wp-content\/uploads\/2021\/05\/20210316_200125.jpg\" data-elementor-open-lightbox=\"yes\" data-elementor-lightbox-title=\"Domaine Labranche Laffont, Madiran, made by Christine Dupuy, Sud-Ouest (South West)\" data-e-action-hash=\"#elementor-action%3Aaction%3Dlightbox%26settings%3DeyJpZCI6MzkyMTk1LCJ1cmwiOiJodHRwczpcL1wvd3d3LmJrd2luZS5jb21cL3dwLWNvbnRlbnRcL3VwbG9hZHNcLzIwMjFcLzA1XC8yMDIxMDMxNl8yMDAxMjUuanBnIn0%3D\">\n\t\t\t\t\t\t\t<img loading=\"lazy\" decoding=\"async\" width=\"1080\" height=\"608\" src=\"https:\/\/www.bkwine.com\/wp-content\/uploads\/2021\/05\/20210316_200125.jpg\" class=\"attachment-full size-full wp-image-392195\" alt=\"Domaine Labranche Laffont, Madiran, made by Christine Dupuy, Sud-Ouest (South West)\" srcset=\"https:\/\/www.bkwine.com\/wp-content\/uploads\/2021\/05\/20210316_200125.jpg 1080w, https:\/\/www.bkwine.com\/wp-content\/uploads\/2021\/05\/20210316_200125-300x169.jpg 300w, https:\/\/www.bkwine.com\/wp-content\/uploads\/2021\/05\/20210316_200125-768x432.jpg 768w\" sizes=\"(max-width: 1080px) 100vw, 1080px\" \/>\t\t\t\t\t\t\t\t<\/a>\n\t\t\t\t\t\t\t\t\t\t\t<figcaption class=\"widget-image-caption wp-caption-text\">Domaine Labranche Laffont, Madiran, made by Christine Dupuy, Sud-Ouest (South West), copyright BKWine Photography<\/figcaption>\n\t\t\t\t\t\t\t\t\t\t<\/figure>\n\t\t\t\t\t\t\t\t\t<\/div>\n\t\t\t\t<\/div>\n\t\t\t\t<div class=\"elementor-element elementor-element-a54596e elementor-widget elementor-widget-image\" data-id=\"a54596e\" data-element_type=\"widget\" data-e-type=\"widget\" data-widget_type=\"image.default\">\n\t\t\t\t<div class=\"elementor-widget-container\">\n\t\t\t\t\t\t\t\t\t\t\t\t<figure class=\"wp-caption\">\n\t\t\t\t\t\t\t\t\t\t\t<a href=\"https:\/\/www.bkwine.com\/wp-content\/uploads\/2021\/05\/20201117_200618.jpg\" data-elementor-open-lightbox=\"yes\" data-elementor-lightbox-title=\"Domaine Berthoumieu Constance, Madiran, made by sisters Claire et Marion Bortolussi, Sud-Ouest (South West)\" data-e-action-hash=\"#elementor-action%3Aaction%3Dlightbox%26settings%3DeyJpZCI6MzkyMTk0LCJ1cmwiOiJodHRwczpcL1wvd3d3LmJrd2luZS5jb21cL3dwLWNvbnRlbnRcL3VwbG9hZHNcLzIwMjFcLzA1XC8yMDIwMTExN18yMDA2MTguanBnIn0%3D\">\n\t\t\t\t\t\t\t<img loading=\"lazy\" decoding=\"async\" width=\"1080\" height=\"608\" src=\"https:\/\/www.bkwine.com\/wp-content\/uploads\/2021\/05\/20201117_200618.jpg\" class=\"attachment-full size-full wp-image-392194\" alt=\"Domaine Berthoumieu Constance, Madiran, made by sisters Claire et Marion Bortolussi, Sud-Ouest (South West)\" srcset=\"https:\/\/www.bkwine.com\/wp-content\/uploads\/2021\/05\/20201117_200618.jpg 1080w, https:\/\/www.bkwine.com\/wp-content\/uploads\/2021\/05\/20201117_200618-300x169.jpg 300w, https:\/\/www.bkwine.com\/wp-content\/uploads\/2021\/05\/20201117_200618-768x432.jpg 768w\" sizes=\"(max-width: 1080px) 100vw, 1080px\" \/>\t\t\t\t\t\t\t\t<\/a>\n\t\t\t\t\t\t\t\t\t\t\t<figcaption class=\"widget-image-caption wp-caption-text\">Domaine Berthoumieu Constance, Madiran, made by sisters Claire et Marion Bortolussi, Sud-Ouest (South West), copyright BKWine Photography<\/figcaption>\n\t\t\t\t\t\t\t\t\t\t<\/figure>\n\t\t\t\t\t\t\t\t\t<\/div>\n\t\t\t\t<\/div>\n\t\t\t\t\t<\/div>\n\t\t<\/div>\n\t\t\t\t\t<\/div>\n\t\t<\/section>\n\t\t\t\t<section class=\"elementor-section elementor-top-section elementor-element elementor-element-bda70fe elementor-section-boxed elementor-section-height-default elementor-section-height-default\" data-id=\"bda70fe\" data-element_type=\"section\" data-e-type=\"section\">\n\t\t\t\t\t\t<div class=\"elementor-container elementor-column-gap-default\">\n\t\t\t\t\t<div class=\"elementor-column elementor-col-100 elementor-top-column elementor-element elementor-element-f540d1e\" data-id=\"f540d1e\" data-element_type=\"column\" data-e-type=\"column\">\n\t\t\t<div class=\"elementor-widget-wrap elementor-element-populated\">\n\t\t\t\t\t\t<div class=\"elementor-element elementor-element-2b12724 elementor-widget elementor-widget-text-editor\" data-id=\"2b12724\" data-element_type=\"widget\" data-e-type=\"widget\" data-widget_type=\"text-editor.default\">\n\t\t\t\t<div class=\"elementor-widget-container\">\n\t\t\t\t\t\t\t\t\t<h2>Pacherenc de Vic Bihl, Madirans vita vin<\/h2><p>Ett madiranvin \u00e4r alltid r\u00f6tt. Men h\u00e4r finns \u00e4ven gr\u00f6na druvor, och dessutom sorter som \u00e4r kapabla att producera str\u00e5lande viner: petit <strong>manseng, gros manseng<\/strong> och <strong>petit courbu<\/strong>. N\u00e4r vinet \u00e4r vitt s\u00e5 \u00e4r appellationen det besynnerliga Pacherenc du Vic-Bilh (<em>pasherenk dy vik-bij<\/em>). Vic-Bilh \u00e4r ett gammalt namn f\u00f6r regionen och pacherenc betyder p\u00e5 bearnaisiska vinranksst\u00f6ttor i rader. De tre druvorna kan kompletteras med den gamla lokala druvan arrufiac och med sauvignon blanc.<\/p><p>H\u00e4r har man ett speciellt klimat med en mycket varm och fin efters\u00e4song vilket betyder att druvorna kan plockas mycket mogna, ibland inte f\u00f6rr\u00e4n i november eller december. D\u00e4rf\u00f6r varierar vinerna fr\u00e5n torra och halvtorra till riktigt s\u00f6ta. Man kan faktiskt sk\u00f6rda fr\u00e5n samma druvstockar men vid olika tillf\u00e4llen.<\/p><p>Pacherenc du Vic-Bilh \u00e4r framf\u00f6r allt ett fantastiskt s\u00f6tt vin, gjort p\u00e5 sent sk\u00f6rdade druvor (vanligen inte med \u00e4delr\u00f6ta), mycket aromatiskt och mycket friskt tack vare sin h\u00f6ga syra.<\/p><p>Det finns \u00e4ven en i fantastiskt god torr variant, kraftfulla, friska aromatiska. Om det \u00e4r torrt s\u00e5 m\u00e5ste det vara markerat p\u00e5 etiketten: \u201dsec\u201d.<\/p><p><strong>Petit manseng<\/strong> \u00e4r den h\u00f6gklassiga druvan som framf\u00f6r allt anv\u00e4nds f\u00f6r de s\u00f6ta vinerna. Den har extra tjockt skinn och kan d\u00e4rf\u00f6r sitta kvar p\u00e5 vinstocken l\u00e4nge, ibland \u00e4nda in i december, utan att angripas av r\u00f6ta. Vinerna p\u00e5minner om ananas, grapefrukt, rostat kaffe, mango, fl\u00e4derblom, mint&#8230;<\/p><p>Petit och Gros Manseng anv\u00e4nds \u00e4ven i Juran\u00e7on.<\/p>\t\t\t\t\t\t\t\t<\/div>\n\t\t\t\t<\/div>\n\t\t\t\t\t<\/div>\n\t\t<\/div>\n\t\t\t\t\t<\/div>\n\t\t<\/section>\n\t\t\t\t<section class=\"elementor-section elementor-top-section elementor-element elementor-element-f59a4e6 elementor-section-stretched elementor-section-full_width elementor-section-height-default elementor-section-height-default\" data-id=\"f59a4e6\" data-element_type=\"section\" data-e-type=\"section\" data-settings=\"{&quot;stretch_section&quot;:&quot;section-stretched&quot;}\">\n\t\t\t\t\t\t<div class=\"elementor-container elementor-column-gap-default\">\n\t\t\t\t\t<div class=\"elementor-column elementor-col-100 elementor-top-column elementor-element elementor-element-8c74905\" data-id=\"8c74905\" data-element_type=\"column\" data-e-type=\"column\">\n\t\t\t<div class=\"elementor-widget-wrap elementor-element-populated\">\n\t\t\t\t\t\t<div class=\"elementor-element elementor-element-1c8d184 elementor-widget elementor-widget-image\" data-id=\"1c8d184\" data-element_type=\"widget\" data-e-type=\"widget\" data-widget_type=\"image.default\">\n\t\t\t\t<div class=\"elementor-widget-container\">\n\t\t\t\t\t\t\t\t\t\t\t\t<figure class=\"wp-caption\">\n\t\t\t\t\t\t\t\t\t\t\t<a href=\"https:\/\/www.bkwine.com\/wp-content\/uploads\/2021\/05\/20200602_204409.jpg\" data-elementor-open-lightbox=\"yes\" data-elementor-lightbox-title=\"Domaine Capmartin Agrume et Caetera by Guy &amp; Simon Capmartin, Pacherenc de Vic Bihl (Madiran), Sud-Ouest (South West)\" data-e-action-hash=\"#elementor-action%3Aaction%3Dlightbox%26settings%3DeyJpZCI6MzkyMTkzLCJ1cmwiOiJodHRwczpcL1wvd3d3LmJrd2luZS5jb21cL3dwLWNvbnRlbnRcL3VwbG9hZHNcLzIwMjFcLzA1XC8yMDIwMDYwMl8yMDQ0MDkuanBnIn0%3D\">\n\t\t\t\t\t\t\t<img loading=\"lazy\" decoding=\"async\" width=\"1080\" height=\"608\" src=\"https:\/\/www.bkwine.com\/wp-content\/uploads\/2021\/05\/20200602_204409.jpg\" class=\"attachment-full size-full wp-image-392193\" alt=\"Domaine Capmartin Agrume et Caetera by Guy &amp; Simon Capmartin, Pacherenc de Vic Bihl (Madiran), Sud-Ouest (South West)\" srcset=\"https:\/\/www.bkwine.com\/wp-content\/uploads\/2021\/05\/20200602_204409.jpg 1080w, https:\/\/www.bkwine.com\/wp-content\/uploads\/2021\/05\/20200602_204409-300x169.jpg 300w, https:\/\/www.bkwine.com\/wp-content\/uploads\/2021\/05\/20200602_204409-768x432.jpg 768w\" sizes=\"(max-width: 1080px) 100vw, 1080px\" \/>\t\t\t\t\t\t\t\t<\/a>\n\t\t\t\t\t\t\t\t\t\t\t<figcaption class=\"widget-image-caption wp-caption-text\">Domaine Capmartin Agrume et Caetera by Guy &amp; Simon Capmartin, Pacherenc de Vic Bihl (Madiran), Sud-Ouest (South West), copyright BKWine Photography<\/figcaption>\n\t\t\t\t\t\t\t\t\t\t<\/figure>\n\t\t\t\t\t\t\t\t\t<\/div>\n\t\t\t\t<\/div>\n\t\t\t\t<div class=\"elementor-element elementor-element-dbb4a33 elementor-widget elementor-widget-image\" data-id=\"dbb4a33\" data-element_type=\"widget\" data-e-type=\"widget\" data-widget_type=\"image.default\">\n\t\t\t\t<div class=\"elementor-widget-container\">\n\t\t\t\t\t\t\t\t\t\t\t\t<figure class=\"wp-caption\">\n\t\t\t\t\t\t\t\t\t\t\t<a href=\"https:\/\/www.bkwine.com\/wp-content\/uploads\/2020\/12\/20201016_204843.jpg\" data-elementor-open-lightbox=\"yes\" data-elementor-lightbox-title=\"Ericka 2017, Ch\u00e2teau Laffitte-Teston, Pacherenc du Vic-Bilh Sec, South West\" data-e-action-hash=\"#elementor-action%3Aaction%3Dlightbox%26settings%3DeyJpZCI6MzY0ODUwLCJ1cmwiOiJodHRwczpcL1wvd3d3LmJrd2luZS5jb21cL3dwLWNvbnRlbnRcL3VwbG9hZHNcLzIwMjBcLzEyXC8yMDIwMTAxNl8yMDQ4NDMuanBnIn0%3D\">\n\t\t\t\t\t\t\t<img loading=\"lazy\" decoding=\"async\" width=\"1080\" height=\"608\" src=\"https:\/\/www.bkwine.com\/wp-content\/uploads\/2020\/12\/20201016_204843.jpg\" class=\"attachment-full size-full wp-image-364850\" alt=\"Ericka 2017, Ch\u00e2teau Laffitte-Teston, Pacherenc du Vic-Bilh Sec, South West\" srcset=\"https:\/\/www.bkwine.com\/wp-content\/uploads\/2020\/12\/20201016_204843.jpg 1080w, https:\/\/www.bkwine.com\/wp-content\/uploads\/2020\/12\/20201016_204843-300x169.jpg 300w, https:\/\/www.bkwine.com\/wp-content\/uploads\/2020\/12\/20201016_204843-768x432.jpg 768w\" sizes=\"(max-width: 1080px) 100vw, 1080px\" \/>\t\t\t\t\t\t\t\t<\/a>\n\t\t\t\t\t\t\t\t\t\t\t<figcaption class=\"widget-image-caption wp-caption-text\">Ericka 2017, Ch\u00e2teau Laffitte-Teston, Pacherenc du Vic-Bilh Sec, South West, copyright BKWine Photography<\/figcaption>\n\t\t\t\t\t\t\t\t\t\t<\/figure>\n\t\t\t\t\t\t\t\t\t<\/div>\n\t\t\t\t<\/div>\n\t\t\t\t\t<\/div>\n\t\t<\/div>\n\t\t\t\t\t<\/div>\n\t\t<\/section>\n\t\t\t\t<section class=\"elementor-section elementor-top-section elementor-element elementor-element-e9c5766 elementor-section-boxed elementor-section-height-default elementor-section-height-default\" data-id=\"e9c5766\" data-element_type=\"section\" data-e-type=\"section\">\n\t\t\t\t\t\t<div class=\"elementor-container elementor-column-gap-default\">\n\t\t\t\t\t<div class=\"elementor-column elementor-col-100 elementor-top-column elementor-element elementor-element-ae8617f\" data-id=\"ae8617f\" data-element_type=\"column\" data-e-type=\"column\">\n\t\t\t<div class=\"elementor-widget-wrap elementor-element-populated\">\n\t\t\t\t\t\t<div class=\"elementor-element elementor-element-f264f16 elementor-widget elementor-widget-text-editor\" data-id=\"f264f16\" data-element_type=\"widget\" data-e-type=\"widget\" data-widget_type=\"text-editor.default\">\n\t\t\t\t<div class=\"elementor-widget-container\">\n\t\t\t\t\t\t\t\t\t<p><strong><em>L\u00e4s v\u00e5ra provningskommentarer om detta vin h\u00e4r: <a href=\"https:\/\/www.bkwine.com\/sv\/reportage\/provningar\/i-glaset-bra-viner-december-2020\/\">I glaset: Bra viner vi provat sedan sist, december 2020<\/a>.<\/em><\/strong><\/p><h3>Madiran och Pacherenc du Vic-Bilh p\u00e5 Systembolaget<\/h3><p>En mager sk\u00f6rd med endast sex att v\u00e4lja p\u00e5, n\u00e4stan bara i &#8221;best\u00e4llningssortimentet&#8221;.<\/p><p>Madiran:<\/p><ul><li>Alain Brumont finns f\u00f6rst\u00e5s med Ch\u00e2teau Bouscass\u00e9 och Torus och dyker emellan\u00e5t upp i tillf\u00e4lliga varor<\/li><li>Finns \u00e4ven Chateau Barr\u00e9jat och Domaine Laogue, men dem \u00e4r jag inte n\u00e4rmare bekant med<\/li><\/ul><p>Pacherenc:<\/p><p>Ett enda vin i monopolsortimentet och tre i best\u00e4llningssortimentet. Alla utom ett fr\u00e5n den alltid p\u00e5litlige Brumont.<\/p><h2>Juran\u00e7on<\/h2><p>N\u00e4sta etapp p\u00e5 v\u00e5r f\u00e4rd s\u00f6der ut mot Pyren\u00e9erna blir Juran\u00e7on. Kanske tar vi f\u00f6rs ett stopp i Pau, marskalk Bernadottes hemstad, innan han importerades till Sverige och blev kung. Eller den religi\u00f6se kanske stannar till i Lourdes, en av Frankrikes mest bes\u00f6kta attraktioner, en vallf\u00e4rdsort som varje \u00e5r tar emot 5 miljoner pilgrimer (en ung flicka fick en uppenbarelse d\u00e4r 1858).<\/p><p>Juran\u00e7on breder ut sig p\u00e5 sluttningarna som utg\u00f6r Pyren\u00e9ernas fot. Det \u00e4r ett vackert, f\u00f6r att inte s\u00e4ga spektakul\u00e4rt landskap med ving\u00e5rdar p\u00e5 branta sluttningar. Varf\u00f6r det inte \u00e4r mer k\u00e4nt \u00e4r ett mysterium. Men det har kanske sin f\u00f6rklaring i att det inte \u00e4r s\u00e4rskilt stort. Och mycket av vinet som de g\u00f6r \u00e4r s\u00f6tt.<\/p><p>Juran\u00e7on \u00e4r alltid vitt, men det kan vara b\u00e5de s\u00f6tt och torrt. Det \u00e4r ett av Frankrikes, och v\u00e4rldens stora men ouppt\u00e4ckta vita viner. De s\u00f6ta kan vara verkligt storartade. De g\u00f6rs p\u00e5 sent sk\u00f6rdade druvor och blir intensivt aromatiska med exotiska frukter, honung och mycket annat.<\/p>\t\t\t\t\t\t\t\t<\/div>\n\t\t\t\t<\/div>\n\t\t\t\t\t<\/div>\n\t\t<\/div>\n\t\t\t\t\t<\/div>\n\t\t<\/section>\n\t\t\t\t<section class=\"elementor-section elementor-top-section elementor-element elementor-element-dae2f18 elementor-section-stretched elementor-section-full_width elementor-section-height-default elementor-section-height-default\" data-id=\"dae2f18\" data-element_type=\"section\" data-e-type=\"section\" data-settings=\"{&quot;stretch_section&quot;:&quot;section-stretched&quot;}\">\n\t\t\t\t\t\t<div class=\"elementor-container elementor-column-gap-default\">\n\t\t\t\t\t<div class=\"elementor-column elementor-col-100 elementor-top-column elementor-element elementor-element-80099a5\" data-id=\"80099a5\" data-element_type=\"column\" data-e-type=\"column\">\n\t\t\t<div class=\"elementor-widget-wrap elementor-element-populated\">\n\t\t\t\t\t\t<div class=\"elementor-element elementor-element-e416804 elementor-widget elementor-widget-image\" data-id=\"e416804\" data-element_type=\"widget\" data-e-type=\"widget\" data-widget_type=\"image.default\">\n\t\t\t\t<div class=\"elementor-widget-container\">\n\t\t\t\t\t\t\t\t\t\t\t\t<figure class=\"wp-caption\">\n\t\t\t\t\t\t\t\t\t\t\t<a href=\"https:\/\/www.bkwine.com\/wp-content\/uploads\/2021\/05\/20200808_204703.jpg\" data-elementor-open-lightbox=\"yes\" data-elementor-lightbox-title=\"Domaine Cauhap\u00e9, Henri Ramonteu, Geyser, Jurancon sec, from one of the quality pioneers in Juran\u00e7on\" data-e-action-hash=\"#elementor-action%3Aaction%3Dlightbox%26settings%3DeyJpZCI6MzkyMDY4LCJ1cmwiOiJodHRwczpcL1wvd3d3LmJrd2luZS5jb21cL3dwLWNvbnRlbnRcL3VwbG9hZHNcLzIwMjFcLzA1XC8yMDIwMDgwOF8yMDQ3MDMuanBnIn0%3D\">\n\t\t\t\t\t\t\t<img loading=\"lazy\" decoding=\"async\" width=\"1080\" height=\"608\" src=\"https:\/\/www.bkwine.com\/wp-content\/uploads\/2021\/05\/20200808_204703.jpg\" class=\"attachment-full size-full wp-image-392068\" alt=\"Domaine Cauhap\u00e9, Henri Ramonteu, Geyser, Jurancon sec, from one of the quality pioneers in Juran\u00e7on\" srcset=\"https:\/\/www.bkwine.com\/wp-content\/uploads\/2021\/05\/20200808_204703.jpg 1080w, https:\/\/www.bkwine.com\/wp-content\/uploads\/2021\/05\/20200808_204703-300x169.jpg 300w, https:\/\/www.bkwine.com\/wp-content\/uploads\/2021\/05\/20200808_204703-768x432.jpg 768w\" sizes=\"(max-width: 1080px) 100vw, 1080px\" \/>\t\t\t\t\t\t\t\t<\/a>\n\t\t\t\t\t\t\t\t\t\t\t<figcaption class=\"widget-image-caption wp-caption-text\">Domaine Cauhap\u00e9, Henri Ramonteu, Geyser, Jurancon sec, from one of the quality pioneers in Juran\u00e7on, copyright BKWine Photography<\/figcaption>\n\t\t\t\t\t\t\t\t\t\t<\/figure>\n\t\t\t\t\t\t\t\t\t<\/div>\n\t\t\t\t<\/div>\n\t\t\t\t<div class=\"elementor-element elementor-element-b95bd5d elementor-widget elementor-widget-image\" data-id=\"b95bd5d\" data-element_type=\"widget\" data-e-type=\"widget\" data-widget_type=\"image.default\">\n\t\t\t\t<div class=\"elementor-widget-container\">\n\t\t\t\t\t\t\t\t\t\t\t\t<figure class=\"wp-caption\">\n\t\t\t\t\t\t\t\t\t\t\t<a href=\"https:\/\/www.bkwine.com\/wp-content\/uploads\/2020\/12\/20201013_201541.jpg\" data-elementor-open-lightbox=\"yes\" data-elementor-lightbox-title=\"Juran\u00e7on Sec, Clos Lapeyre, 2018, Southwest, France\" data-e-action-hash=\"#elementor-action%3Aaction%3Dlightbox%26settings%3DeyJpZCI6MzY0ODQ4LCJ1cmwiOiJodHRwczpcL1wvd3d3LmJrd2luZS5jb21cL3dwLWNvbnRlbnRcL3VwbG9hZHNcLzIwMjBcLzEyXC8yMDIwMTAxM18yMDE1NDEuanBnIn0%3D\">\n\t\t\t\t\t\t\t<img loading=\"lazy\" decoding=\"async\" width=\"1080\" height=\"608\" src=\"https:\/\/www.bkwine.com\/wp-content\/uploads\/2020\/12\/20201013_201541.jpg\" class=\"attachment-full size-full wp-image-364848\" alt=\"Juran\u00e7on Sec, Clos Lapeyre, 2018, Southwest, France\" srcset=\"https:\/\/www.bkwine.com\/wp-content\/uploads\/2020\/12\/20201013_201541.jpg 1080w, https:\/\/www.bkwine.com\/wp-content\/uploads\/2020\/12\/20201013_201541-300x169.jpg 300w, https:\/\/www.bkwine.com\/wp-content\/uploads\/2020\/12\/20201013_201541-768x432.jpg 768w\" sizes=\"(max-width: 1080px) 100vw, 1080px\" \/>\t\t\t\t\t\t\t\t<\/a>\n\t\t\t\t\t\t\t\t\t\t\t<figcaption class=\"widget-image-caption wp-caption-text\">Juran\u00e7on Sec, Clos Lapeyre, 2018, Southwest, France, copyright BKWine Photography<\/figcaption>\n\t\t\t\t\t\t\t\t\t\t<\/figure>\n\t\t\t\t\t\t\t\t\t<\/div>\n\t\t\t\t<\/div>\n\t\t\t\t\t<\/div>\n\t\t<\/div>\n\t\t\t\t\t<\/div>\n\t\t<\/section>\n\t\t\t\t<section class=\"elementor-section elementor-top-section elementor-element elementor-element-f58b043 elementor-section-boxed elementor-section-height-default elementor-section-height-default\" data-id=\"f58b043\" data-element_type=\"section\" data-e-type=\"section\">\n\t\t\t\t\t\t<div class=\"elementor-container elementor-column-gap-default\">\n\t\t\t\t\t<div class=\"elementor-column elementor-col-100 elementor-top-column elementor-element elementor-element-70ef8ff\" data-id=\"70ef8ff\" data-element_type=\"column\" data-e-type=\"column\">\n\t\t\t<div class=\"elementor-widget-wrap elementor-element-populated\">\n\t\t\t\t\t\t<div class=\"elementor-element elementor-element-52cdfcf elementor-widget elementor-widget-text-editor\" data-id=\"52cdfcf\" data-element_type=\"widget\" data-e-type=\"widget\" data-widget_type=\"text-editor.default\">\n\t\t\t\t<div class=\"elementor-widget-container\">\n\t\t\t\t\t\t\t\t\t<p><strong><em>L\u00e4s v\u00e5ra provningskommentarer om detta vin h\u00e4r: <a href=\"https:\/\/www.bkwine.com\/sv\/reportage\/provningar\/i-glaset-bra-viner-december-2020\/\">I glaset: Bra viner vi provat sedan sist, december 2020<\/a>.<\/em><\/strong><\/p><p>Men det \u00e4r de torra som kanske \u00e4r mest anm\u00e4rkningsv\u00e4rda. Det \u00e4r oftast kraftfulla och intensiva, och med en h\u00e4rlig syra som ger dem liv och volym. En del personer s\u00e4ger \u201dvibrerande syra\u201d om olika viner och jag har aldrig riktigt begripit vad det \u00e4r. Men kanske \u00e4r det just detta. Ofta har den en karakt\u00e4r av mogna men mycket friska, syrliga, mogna \u00e4pplen. Det \u00e4r en unik kombination av kraft och friskhet. Man kanske kan j\u00e4mf\u00f6ra dem med chenin blanc, men med fyllighet och munk\u00e4nsla som \u00e4r helt annorlunda. Ett vin att uppt\u00e4cka.<\/p><p>De torra vita m\u00e5ste obligatoriskt ange \u201dJuran\u00e7on sec\u201d p\u00e5 etiketten.<\/p><p>B\u00e5de de torra och de s\u00f6ta g\u00f6rs huvudsakligen p\u00e5 <strong>gros manseng<\/strong> och <strong>petit manseng<\/strong>. De m\u00e5ste ing\u00e5 med \u00e5tminstone 50 % i vinet. Det finns m\u00e5nga likheter med Pacherenc du Vic-Bilh. Man kan \u00e4ven anv\u00e4nda <strong>courbu, camaralet<\/strong> och <strong>lauzet<\/strong>, tre traditionella druvsorter. Av de tv\u00e5 sista finns mycket lite kvar.<\/p><p>Juran\u00e7on str\u00e4cker ut sig \u00f6ver 1300 hektar, som kl\u00e4ttrar upp l\u00e4ngs bergssluttningarna. H\u00f6jden \u00f6ver havet \u00e4r dock inte exceptionell. \u00c4ven om det \u00e4r bergigt s\u00e5 h\u00e5ller man sig runt 300 m.\u00f6.h..<\/p><h3>Juran\u00e7on p\u00e5 Systembolaget<\/h3><p>Tv\u00e5 viner i monopolsortimenet och fyra i best\u00e4llningssortimentet. Att prova:<\/p><ul><li>Ch\u00e2teau Jolys<\/li><li>Domaine Cauhap\u00e9<\/li><li>Clos Lapeyre<\/li><\/ul>\t\t\t\t\t\t\t\t<\/div>\n\t\t\t\t<\/div>\n\t\t\t\t\t<\/div>\n\t\t<\/div>\n\t\t\t\t\t<\/div>\n\t\t<\/section>\n\t\t\t\t<section class=\"elementor-section elementor-top-section elementor-element elementor-element-96f72ec elementor-section-stretched elementor-section-full_width elementor-section-height-default elementor-section-height-default\" data-id=\"96f72ec\" data-element_type=\"section\" data-e-type=\"section\" data-settings=\"{&quot;stretch_section&quot;:&quot;section-stretched&quot;}\">\n\t\t\t\t\t\t<div class=\"elementor-container elementor-column-gap-default\">\n\t\t\t\t\t<div class=\"elementor-column elementor-col-100 elementor-top-column elementor-element elementor-element-100a8f8\" data-id=\"100a8f8\" data-element_type=\"column\" data-e-type=\"column\">\n\t\t\t<div class=\"elementor-widget-wrap elementor-element-populated\">\n\t\t\t\t\t\t<div class=\"elementor-element elementor-element-f11dc6d elementor-widget elementor-widget-image\" data-id=\"f11dc6d\" data-element_type=\"widget\" data-e-type=\"widget\" data-widget_type=\"image.default\">\n\t\t\t\t<div class=\"elementor-widget-container\">\n\t\t\t\t\t\t\t\t\t\t\t\t<figure class=\"wp-caption\">\n\t\t\t\t\t\t\t\t\t\t\t<a href=\"https:\/\/www.bkwine.com\/wp-content\/uploads\/2020\/10\/20200904_202609.jpg\" data-elementor-open-lightbox=\"yes\" data-elementor-lightbox-title=\"Domaine Bellegarde Pierre Blanche 2018, Juran\u00e7on Sec, Southwest (Sud-Ouest)\" data-e-action-hash=\"#elementor-action%3Aaction%3Dlightbox%26settings%3DeyJpZCI6MzU3ODIxLCJ1cmwiOiJodHRwczpcL1wvd3d3LmJrd2luZS5jb21cL3dwLWNvbnRlbnRcL3VwbG9hZHNcLzIwMjBcLzEwXC8yMDIwMDkwNF8yMDI2MDkuanBnIn0%3D\">\n\t\t\t\t\t\t\t<img loading=\"lazy\" decoding=\"async\" width=\"1080\" height=\"608\" src=\"https:\/\/www.bkwine.com\/wp-content\/uploads\/2020\/10\/20200904_202609.jpg\" class=\"attachment-full size-full wp-image-357821\" alt=\"Domaine Bellegarde Pierre Blanche 2018, Juran\u00e7on Sec, Southwest (Sud-Ouest)\" srcset=\"https:\/\/www.bkwine.com\/wp-content\/uploads\/2020\/10\/20200904_202609.jpg 1080w, https:\/\/www.bkwine.com\/wp-content\/uploads\/2020\/10\/20200904_202609-300x169.jpg 300w, https:\/\/www.bkwine.com\/wp-content\/uploads\/2020\/10\/20200904_202609-768x432.jpg 768w\" sizes=\"(max-width: 1080px) 100vw, 1080px\" \/>\t\t\t\t\t\t\t\t<\/a>\n\t\t\t\t\t\t\t\t\t\t\t<figcaption class=\"widget-image-caption wp-caption-text\">Domaine Bellegarde Pierre Blanche 2018, Juran\u00e7on Sec, Southwest (Sud-Ouest), copyright BKWine Photography<\/figcaption>\n\t\t\t\t\t\t\t\t\t\t<\/figure>\n\t\t\t\t\t\t\t\t\t<\/div>\n\t\t\t\t<\/div>\n\t\t\t\t\t<\/div>\n\t\t<\/div>\n\t\t\t\t\t<\/div>\n\t\t<\/section>\n\t\t\t\t<section class=\"elementor-section elementor-top-section elementor-element elementor-element-6d38904 elementor-section-boxed elementor-section-height-default elementor-section-height-default\" data-id=\"6d38904\" data-element_type=\"section\" data-e-type=\"section\">\n\t\t\t\t\t\t<div class=\"elementor-container elementor-column-gap-default\">\n\t\t\t\t\t<div class=\"elementor-column elementor-col-100 elementor-top-column elementor-element elementor-element-b3041a6\" data-id=\"b3041a6\" data-element_type=\"column\" data-e-type=\"column\">\n\t\t\t<div class=\"elementor-widget-wrap elementor-element-populated\">\n\t\t\t\t\t\t<div class=\"elementor-element elementor-element-68414e0 elementor-widget elementor-widget-text-editor\" data-id=\"68414e0\" data-element_type=\"widget\" data-e-type=\"widget\" data-widget_type=\"text-editor.default\">\n\t\t\t\t<div class=\"elementor-widget-container\">\n\t\t\t\t\t\t\t\t\t<p><strong><em>L\u00e4s v\u00e5ra provningskommentarer om detta vin h\u00e4r: <a href=\"https:\/\/www.bkwine.com\/sv\/reportage\/provningar\/i-glaset-bra-viner-september-2020\/\">I glaset: Bra viner vi provat sedan sist, september 2020<\/a>.<\/em><\/strong><\/p><h2>Iroul\u00e9guy, i gr\u00e4nslandet<\/h2><p>Allra l\u00e4ngst ner i s\u00f6der hittar vi Iroul\u00e9guy, just innan man n\u00e5r gr\u00e4nsen till Spanien. Vi \u00e4r nu bara en mil fr\u00e5n gr\u00e4nsen och upp\u00e5t 1000 meter \u00f6ver havet \u00e4ven om ving\u00e5rdarna huvudsakligen h\u00e5ller sig nere p\u00e5 mellan 200m och 400 m. Men vi \u00e4r verkligen uppe bland bergen. Storslaget och m\u00e4ktigt.<\/p><p>Iroul\u00e9guy \u00e4r nog en av de minst k\u00e4nda appellationerna i Frankrike, och \u00e4ven en av de geografiskt minsta (bortsett fr\u00e5n udda saker som t.ex. Bourgognes grand cru). Man har bara 240 hektar, vilka tolv producenter delar p\u00e5. Man fick sin appellation 1970 s\u00e5 firade nyligen 50 \u00e5r.<\/p>\t\t\t\t\t\t\t\t<\/div>\n\t\t\t\t<\/div>\n\t\t\t\t\t<\/div>\n\t\t<\/div>\n\t\t\t\t\t<\/div>\n\t\t<\/section>\n\t\t\t\t<section class=\"elementor-section elementor-top-section elementor-element elementor-element-5e5f5c4 elementor-section-stretched elementor-section-full_width elementor-section-height-default elementor-section-height-default\" data-id=\"5e5f5c4\" data-element_type=\"section\" data-e-type=\"section\" data-settings=\"{&quot;stretch_section&quot;:&quot;section-stretched&quot;}\">\n\t\t\t\t\t\t<div class=\"elementor-container elementor-column-gap-default\">\n\t\t\t\t\t<div class=\"elementor-column elementor-col-100 elementor-top-column elementor-element elementor-element-88872c3\" data-id=\"88872c3\" data-element_type=\"column\" data-e-type=\"column\">\n\t\t\t<div class=\"elementor-widget-wrap elementor-element-populated\">\n\t\t\t\t\t\t<div class=\"elementor-element elementor-element-5725dc4 elementor-widget elementor-widget-image\" data-id=\"5725dc4\" data-element_type=\"widget\" data-e-type=\"widget\" data-widget_type=\"image.default\">\n\t\t\t\t<div class=\"elementor-widget-container\">\n\t\t\t\t\t\t\t\t\t\t\t\t<figure class=\"wp-caption\">\n\t\t\t\t\t\t\t\t\t\t\t<a href=\"https:\/\/www.bkwine.com\/wp-content\/uploads\/2021\/05\/20210522_120147.jpg\" data-elementor-open-lightbox=\"yes\" data-elementor-lightbox-title=\"For the 50th anniversary of the AOP Irouleguy made a sample case with one bottle each from the 12 producers\" data-e-action-hash=\"#elementor-action%3Aaction%3Dlightbox%26settings%3DeyJpZCI6MzkyMDYyLCJ1cmwiOiJodHRwczpcL1wvd3d3LmJrd2luZS5jb21cL3dwLWNvbnRlbnRcL3VwbG9hZHNcLzIwMjFcLzA1XC8yMDIxMDUyMl8xMjAxNDcuanBnIn0%3D\">\n\t\t\t\t\t\t\t<img loading=\"lazy\" decoding=\"async\" width=\"1080\" height=\"591\" src=\"https:\/\/www.bkwine.com\/wp-content\/uploads\/2021\/05\/20210522_120147.jpg\" class=\"attachment-full size-full wp-image-392062\" alt=\"For the 50th anniversary of the AOP Irouleguy made a sample case with one bottle each from the 12 producers\" srcset=\"https:\/\/www.bkwine.com\/wp-content\/uploads\/2021\/05\/20210522_120147.jpg 1080w, https:\/\/www.bkwine.com\/wp-content\/uploads\/2021\/05\/20210522_120147-300x164.jpg 300w, https:\/\/www.bkwine.com\/wp-content\/uploads\/2021\/05\/20210522_120147-768x420.jpg 768w\" sizes=\"(max-width: 1080px) 100vw, 1080px\" \/>\t\t\t\t\t\t\t\t<\/a>\n\t\t\t\t\t\t\t\t\t\t\t<figcaption class=\"widget-image-caption wp-caption-text\">For the 50th anniversary of the AOP, Irouleguy made a sample case with one bottle each from the 12 producers, copyright BKWine Photography<\/figcaption>\n\t\t\t\t\t\t\t\t\t\t<\/figure>\n\t\t\t\t\t\t\t\t\t<\/div>\n\t\t\t\t<\/div>\n\t\t\t\t\t<\/div>\n\t\t<\/div>\n\t\t\t\t\t<\/div>\n\t\t<\/section>\n\t\t\t\t<section class=\"elementor-section elementor-top-section elementor-element elementor-element-63205aa elementor-section-boxed elementor-section-height-default elementor-section-height-default\" data-id=\"63205aa\" data-element_type=\"section\" data-e-type=\"section\">\n\t\t\t\t\t\t<div class=\"elementor-container elementor-column-gap-default\">\n\t\t\t\t\t<div class=\"elementor-column elementor-col-100 elementor-top-column elementor-element elementor-element-b5c0913\" data-id=\"b5c0913\" data-element_type=\"column\" data-e-type=\"column\">\n\t\t\t<div class=\"elementor-widget-wrap elementor-element-populated\">\n\t\t\t\t\t\t<div class=\"elementor-element elementor-element-2324b78 elementor-widget elementor-widget-text-editor\" data-id=\"2324b78\" data-element_type=\"widget\" data-e-type=\"widget\" data-widget_type=\"text-editor.default\">\n\t\t\t\t<div class=\"elementor-widget-container\">\n\t\t\t\t\t\t\t\t\t<p>Runt 70 % av produktionen \u00e4r r\u00f6tt vin. Huvuddruvan \u00e4r <strong>tannat<\/strong>, 85 % av arealen \u00e4r planterad med den. Den kan kompletteras med cabernet franc och cabernet sauvignon. Det finns allts\u00e5 en del paralleller med Madiran, en bit norrut. Vinerna \u00e4r t\u00e4mligen kraftfulla med gott om tanniner och f\u00e4rg, ibland lite lantligt robusta. Som landskapet.<\/p><p>\u00c4ven f\u00f6r det vita vinet delar man druvor med Madiran\/Pacherenc de Vic-Bilh: <strong>gros manseng, petit manseng<\/strong> och en aning <strong>petit corbu<\/strong>. Men bara 15 % av produktionen \u00e4r vit.<\/p><p>Man har \u00e4ven en tradition av att g\u00f6ra eau de vie p\u00e5 olika frukter.<\/p><h3>Iroul\u00e9guy p\u00e5 Systembolaget<\/h3><p>Det finns ett vitt och ett r\u00f6tt, Domaine Brana, som \u00e4r en av de st\u00f6rsta producenterna, och Domaine Ilarria, likaledes en av de mest k\u00e4nda.<\/p><p>N\u00e4r man v\u00e4l passerat Iroul\u00e9guy \u00e4r man i Spanien, men det \u00e4r en annan historia.<\/p><p><strong>Mer om ovanliga druvor i den h\u00e4r artikeln: <a href=\"https:\/\/www.bkwine.com\/sv\/debatt\/uttrakad-av-cabernet-och-chardonnay-leta-efter-nagot-lokalt-och-bortglomt-britt-pa-forbes\/\">Uttr\u00e5kad av cabernet och chardonnay? Leta efter n\u00e5got lokalt och bortgl\u00f6mt! | Britt p\u00e5 Forbes<\/a>.<\/strong><\/p>\t\t\t\t\t\t\t\t<\/div>\n\t\t\t\t<\/div>\n\t\t\t\t\t<\/div>\n\t\t<\/div>\n\t\t\t\t\t<\/div>\n\t\t<\/section>\n\t\t\t\t<section class=\"elementor-section elementor-top-section elementor-element elementor-element-7414d5b elementor-section-stretched elementor-section-full_width elementor-section-height-default elementor-section-height-default\" data-id=\"7414d5b\" data-element_type=\"section\" data-e-type=\"section\" data-settings=\"{&quot;stretch_section&quot;:&quot;section-stretched&quot;}\">\n\t\t\t\t\t\t<div class=\"elementor-container elementor-column-gap-default\">\n\t\t\t\t\t<div class=\"elementor-column elementor-col-100 elementor-top-column elementor-element elementor-element-887975f\" data-id=\"887975f\" data-element_type=\"column\" data-e-type=\"column\">\n\t\t\t<div class=\"elementor-widget-wrap elementor-element-populated\">\n\t\t\t\t\t\t<div class=\"elementor-element elementor-element-eab0a07 elementor-widget elementor-widget-image\" data-id=\"eab0a07\" data-element_type=\"widget\" data-e-type=\"widget\" data-widget_type=\"image.default\">\n\t\t\t\t<div class=\"elementor-widget-container\">\n\t\t\t\t\t\t\t\t\t\t\t\t<figure class=\"wp-caption\">\n\t\t\t\t\t\t\t\t\t\t\t<a href=\"https:\/\/www.bkwine.com\/wp-content\/uploads\/2021\/05\/20210328_200200.jpg\" data-elementor-open-lightbox=\"yes\" data-elementor-lightbox-title=\"Domaine Ameztia, Irouleguy, Sud-Ouest (South West)\" data-e-action-hash=\"#elementor-action%3Aaction%3Dlightbox%26settings%3DeyJpZCI6MzkyMDYzLCJ1cmwiOiJodHRwczpcL1wvd3d3LmJrd2luZS5jb21cL3dwLWNvbnRlbnRcL3VwbG9hZHNcLzIwMjFcLzA1XC8yMDIxMDMyOF8yMDAyMDAuanBnIn0%3D\">\n\t\t\t\t\t\t\t<img loading=\"lazy\" decoding=\"async\" width=\"1080\" height=\"608\" src=\"https:\/\/www.bkwine.com\/wp-content\/uploads\/2021\/05\/20210328_200200.jpg\" class=\"attachment-full size-full wp-image-392063\" alt=\"Domaine Ameztia, Irouleguy, Sud-Ouest (South West)\" srcset=\"https:\/\/www.bkwine.com\/wp-content\/uploads\/2021\/05\/20210328_200200.jpg 1080w, https:\/\/www.bkwine.com\/wp-content\/uploads\/2021\/05\/20210328_200200-300x169.jpg 300w, https:\/\/www.bkwine.com\/wp-content\/uploads\/2021\/05\/20210328_200200-768x432.jpg 768w\" sizes=\"(max-width: 1080px) 100vw, 1080px\" \/>\t\t\t\t\t\t\t\t<\/a>\n\t\t\t\t\t\t\t\t\t\t\t<figcaption class=\"widget-image-caption wp-caption-text\">Domaine Ameztia, Irouleguy, Sud-Ouest (South West), copyright BKWine Photography<\/figcaption>\n\t\t\t\t\t\t\t\t\t\t<\/figure>\n\t\t\t\t\t\t\t\t\t<\/div>\n\t\t\t\t<\/div>\n\t\t\t\t\t<\/div>\n\t\t<\/div>\n\t\t\t\t\t<\/div>\n\t\t<\/section>\n\t\t\t\t<\/div>\n\t\t","protected":false},"excerpt":{"rendered":"<p>Sydv\u00e4st, franska Sud-Ouest Att h\u00e5lla fast vid sin identitet Tittar man p\u00e5 viner fr\u00e5n den s k Nya V\u00e4rlden kan man l\u00e4tt f\u00e5 intrycket av att det inte existerar andra druvsorter \u00e4n chardonnay, sauvignon blanc och cabernet sauvignon. Inget ont om dessa druvor men jag vill g\u00e4rna v\u00e4rna om mindre k\u00e4nda druvsorter och sl\u00e5 ett [&hellip;]<\/p>\n","protected":false},"author":3,"featured_media":392061,"comment_status":"open","ping_status":"closed","sticky":false,"template":"","format":"standard","meta":{"footnotes":""},"categories":[130],"tags":[2220,770,1970,2219,565,2218,703,1658,940,2131],"class_list":["post-392224","post","type-post","status-publish","format-standard","has-post-thumbnail","hentry","category-vindistrikt","tag-bearn-sv","tag-cahors-sv","tag-frankrike","tag-fronton-sv","tag-gaillac-sv","tag-irouleguy-sv","tag-jurancon-sv","tag-madiran-sv","tag-sydvast","tag-vinskola"],"_links":{"self":[{"href":"https:\/\/www.bkwine.com\/sv\/wp-json\/wp\/v2\/posts\/392224","targetHints":{"allow":["GET"]}}],"collection":[{"href":"https:\/\/www.bkwine.com\/sv\/wp-json\/wp\/v2\/posts"}],"about":[{"href":"https:\/\/www.bkwine.com\/sv\/wp-json\/wp\/v2\/types\/post"}],"author":[{"embeddable":true,"href":"https:\/\/www.bkwine.com\/sv\/wp-json\/wp\/v2\/users\/3"}],"replies":[{"embeddable":true,"href":"https:\/\/www.bkwine.com\/sv\/wp-json\/wp\/v2\/comments?post=392224"}],"version-history":[{"count":0,"href":"https:\/\/www.bkwine.com\/sv\/wp-json\/wp\/v2\/posts\/392224\/revisions"}],"wp:featuredmedia":[{"embeddable":true,"href":"https:\/\/www.bkwine.com\/sv\/wp-json\/wp\/v2\/media\/392061"}],"wp:attachment":[{"href":"https:\/\/www.bkwine.com\/sv\/wp-json\/wp\/v2\/media?parent=392224"}],"wp:term":[{"taxonomy":"category","embeddable":true,"href":"https:\/\/www.bkwine.com\/sv\/wp-json\/wp\/v2\/categories?post=392224"},{"taxonomy":"post_tag","embeddable":true,"href":"https:\/\/www.bkwine.com\/sv\/wp-json\/wp\/v2\/tags?post=392224"}],"curies":[{"name":"wp","href":"https:\/\/api.w.org\/{rel}","templated":true}]}}