{"id":363212,"date":"2021-01-11T09:47:41","date_gmt":"2021-01-11T08:47:41","guid":{"rendered":"https:\/\/www.bkwine.com\/?p=363212"},"modified":"2021-01-11T09:49:57","modified_gmt":"2021-01-11T08:49:57","slug":"mer-ekologiskt-vin-i-chile","status":"publish","type":"post","link":"https:\/\/www.bkwine.com\/sv\/nyheter\/mer-ekologiskt-vin-i-chile\/","title":{"rendered":"Emiliana planterar mer ekologiskt vin i Chile"},"content":{"rendered":"\t\t<div data-elementor-type=\"wp-post\" data-elementor-id=\"363212\" class=\"elementor elementor-363212 elementor-363211\" data-elementor-post-type=\"post\">\n\t\t\t\t\t\t<section class=\"elementor-section elementor-top-section elementor-element elementor-element-493ca22 elementor-section-boxed elementor-section-height-default elementor-section-height-default\" data-id=\"493ca22\" data-element_type=\"section\" data-e-type=\"section\">\n\t\t\t\t\t\t<div class=\"elementor-container elementor-column-gap-default\">\n\t\t\t\t\t<div class=\"elementor-column elementor-col-100 elementor-top-column elementor-element elementor-element-4d729b1\" data-id=\"4d729b1\" data-element_type=\"column\" data-e-type=\"column\">\n\t\t\t<div class=\"elementor-widget-wrap elementor-element-populated\">\n\t\t\t\t\t\t<div class=\"elementor-element elementor-element-d270437 elementor-drop-cap-yes elementor-drop-cap-view-default elementor-widget elementor-widget-text-editor\" data-id=\"d270437\" data-element_type=\"widget\" data-e-type=\"widget\" data-settings=\"{&quot;drop_cap&quot;:&quot;yes&quot;}\" data-widget_type=\"text-editor.default\">\n\t\t\t\t<div class=\"elementor-widget-container\">\n\t\t\t\t\t\t\t\t\t<p>Emiliana i Chile, en av v\u00e4rldens st\u00f6rsta ekologiska och biodynamiska vinproducenter, ut\u00f6kar sin areal. Man ska plantera en helt ny ving\u00e5rd p\u00e5 n\u00e4stan 300 hektar, mark som aldrig varit planterad, i regionen Maule. Druvorna blir cabernet sauvignon, syrah och carmen\u00e8re och den f\u00f6rsta sk\u00f6rden blir 2023.<\/p><p>Druvorna kommer framf\u00f6r allt anv\u00e4ndas till Emilianas mycket popul\u00e4ra serie Adobe, det b\u00e4st s\u00e4ljande ekologiska vinet i Chile men som ocks\u00e5 g\u00e5r mycket bra p\u00e5 exportmarknaden. (Adobe \u00e4r egentligen ett gammaldags soltorkat lertegel anv\u00e4nt som husbyggnadsmaterial.)<\/p><p>Emiliana, som \u00e4gs av Chiles st\u00f6rsta vinfirma Concha y Toro, har sett en uppg\u00e5ng i efterfr\u00e5gan av ekologiska viner \u00f6ver hela v\u00e4rlden.<\/p><p>L\u00e4s mer: <a href=\"https:\/\/www.thedrinksbusiness.com\/2020\/11\/emiliana-expands-with-new-maule-acquisition\/\" target=\"_blank\" rel=\"noopener noreferrer\">thedrinksbusiness<\/a><\/p>\t\t\t\t\t\t\t\t<\/div>\n\t\t\t\t<\/div>\n\t\t\t\t<div class=\"elementor-element elementor-element-fb61ae3 elementor-widget elementor-widget-text-editor\" data-id=\"fb61ae3\" data-element_type=\"widget\" data-e-type=\"widget\" data-widget_type=\"text-editor.default\">\n\t\t\t\t<div class=\"elementor-widget-container\">\n\t\t\t\t\t\t\t\t\t<p><b>Res:<\/b> Kom med <a href=\"https:\/\/www.bkwinevinresor.com\/aktuella-resor\/vinresa-chile-argentina\/\" target=\"_blank\" rel=\"noopener noreferrer\">till Chile (och Argentina) och utforska deras ving\u00e5rdar och vackra landskap<\/a> med oss p\u00e5 BKWine.<\/p><p><b>L\u00e4s:<\/b> Mer <a href=\"https:\/\/www.bkwine.com\/sv\/reportage\/vintillverkning-vinodling\/ekologiskt-vin-biodynamiskt-hallbart-vad-ar-det-del-1\/\">om ekologisk odling hittar du i v\u00e5r nya artikelserie<\/a>.<\/p><p><b>L\u00e4s 2:<\/b> Vill du veta mer s\u00e5 kan du l\u00e4sa <a href=\"https:\/\/www.bkwine.com\/sv\/vara-bocker\/vinet-och-miljon-ekologiskt-biodynamiskt-naturligt\/introduktion\/\">v\u00e5r bok om ekologiska, biodynamiska och naturliga viner<\/a>. <b><\/b><\/p>\t\t\t\t\t\t\t\t<\/div>\n\t\t\t\t<\/div>\n\t\t\t\t\t<\/div>\n\t\t<\/div>\n\t\t\t\t\t<\/div>\n\t\t<\/section>\n\t\t\t\t<section class=\"elementor-section elementor-top-section elementor-element elementor-element-699631fe elementor-section-stretched elementor-section-full_width elementor-section-height-default elementor-section-height-default\" data-id=\"699631fe\" data-element_type=\"section\" data-e-type=\"section\" data-settings=\"{&quot;stretch_section&quot;:&quot;section-stretched&quot;}\">\n\t\t\t\t\t\t<div class=\"elementor-container elementor-column-gap-default\">\n\t\t\t\t\t<div class=\"elementor-column elementor-col-100 elementor-top-column elementor-element elementor-element-3fa9e8ce\" data-id=\"3fa9e8ce\" data-element_type=\"column\" data-e-type=\"column\">\n\t\t\t<div class=\"elementor-widget-wrap elementor-element-populated\">\n\t\t\t\t\t\t<div class=\"elementor-element elementor-element-1afb0465 elementor-widget elementor-widget-image\" data-id=\"1afb0465\" data-element_type=\"widget\" data-e-type=\"widget\" data-widget_type=\"image.default\">\n\t\t\t\t<div class=\"elementor-widget-container\">\n\t\t\t\t\t\t\t\t\t\t\t\t<figure class=\"wp-caption\">\n\t\t\t\t\t\t\t\t\t\t\t<a href=\"https:\/\/www.bkwine.com\/wp-content\/uploads\/2020\/09\/20180207_145528.jpg\" data-elementor-open-lightbox=\"yes\" data-elementor-lightbox-title=\"Vineyards of Hacienda Araucano in Lolol, Chile, a biodynamic winery owned by Fran\u00e7ois Lurton\" data-e-action-hash=\"#elementor-action%3Aaction%3Dlightbox%26settings%3DeyJpZCI6MzU2NjIxLCJ1cmwiOiJodHRwczpcL1wvd3d3LmJrd2luZS5jb21cL3dwLWNvbnRlbnRcL3VwbG9hZHNcLzIwMjBcLzA5XC8yMDE4MDIwN18xNDU1MjguanBnIn0%3D\">\n\t\t\t\t\t\t\t<img fetchpriority=\"high\" decoding=\"async\" width=\"1080\" height=\"608\" src=\"https:\/\/www.bkwine.com\/wp-content\/uploads\/2020\/09\/20180207_145528.jpg\" class=\"attachment-full size-full wp-image-356621\" alt=\"Vineyards of Hacienda Araucano in Lolol, Chile, a biodynamic winery owned by Fran\u00e7ois Lurton\" srcset=\"https:\/\/www.bkwine.com\/wp-content\/uploads\/2020\/09\/20180207_145528.jpg 1080w, https:\/\/www.bkwine.com\/wp-content\/uploads\/2020\/09\/20180207_145528-300x169.jpg 300w, https:\/\/www.bkwine.com\/wp-content\/uploads\/2020\/09\/20180207_145528-768x432.jpg 768w\" sizes=\"(max-width: 1080px) 100vw, 1080px\" \/>\t\t\t\t\t\t\t\t<\/a>\n\t\t\t\t\t\t\t\t\t\t\t<figcaption class=\"widget-image-caption wp-caption-text\">Vineyards of Hacienda Araucano in Lolol, Chile, a biodynamic winery owned by Fran\u00e7ois Lurton, copyright BKWine Photography<\/figcaption>\n\t\t\t\t\t\t\t\t\t\t<\/figure>\n\t\t\t\t\t\t\t\t\t<\/div>\n\t\t\t\t<\/div>\n\t\t\t\t<div class=\"elementor-element elementor-element-9f44923 elementor-widget elementor-widget-image\" data-id=\"9f44923\" data-element_type=\"widget\" data-e-type=\"widget\" data-widget_type=\"image.default\">\n\t\t\t\t<div class=\"elementor-widget-container\">\n\t\t\t\t\t\t\t\t\t\t\t\t<figure class=\"wp-caption\">\n\t\t\t\t\t\t\t\t\t\t\t<a href=\"https:\/\/www.bkwine.com\/wp-content\/uploads\/2020\/08\/20190520_205908.jpg\" data-elementor-open-lightbox=\"yes\" data-elementor-lightbox-title=\"Organic certification on a Chilean wine, CL-BIO-010 is the certifying organisation (not the rule-setter)\" data-e-action-hash=\"#elementor-action%3Aaction%3Dlightbox%26settings%3DeyJpZCI6MzU1NjQ5LCJ1cmwiOiJodHRwczpcL1wvd3d3LmJrd2luZS5jb21cL3dwLWNvbnRlbnRcL3VwbG9hZHNcLzIwMjBcLzA4XC8yMDE5MDUyMF8yMDU5MDguanBnIn0%3D\">\n\t\t\t\t\t\t\t<img decoding=\"async\" width=\"1080\" height=\"608\" src=\"https:\/\/www.bkwine.com\/wp-content\/uploads\/2020\/08\/20190520_205908.jpg\" class=\"attachment-full size-full wp-image-355649\" alt=\"Organic certification on a Chilean wine, CL-BIO-010 is the certifying organisation (not the rule-setter)\" srcset=\"https:\/\/www.bkwine.com\/wp-content\/uploads\/2020\/08\/20190520_205908.jpg 1080w, https:\/\/www.bkwine.com\/wp-content\/uploads\/2020\/08\/20190520_205908-300x169.jpg 300w, https:\/\/www.bkwine.com\/wp-content\/uploads\/2020\/08\/20190520_205908-768x432.jpg 768w\" sizes=\"(max-width: 1080px) 100vw, 1080px\" \/>\t\t\t\t\t\t\t\t<\/a>\n\t\t\t\t\t\t\t\t\t\t\t<figcaption class=\"widget-image-caption wp-caption-text\">Organic certification on a Chilean wine, CL-BIO-010 is the certifying organisation (not the rule-setter), copyright BKWine Photography<\/figcaption>\n\t\t\t\t\t\t\t\t\t\t<\/figure>\n\t\t\t\t\t\t\t\t\t<\/div>\n\t\t\t\t<\/div>\n\t\t\t\t\t<\/div>\n\t\t<\/div>\n\t\t\t\t\t<\/div>\n\t\t<\/section>\n\t\t\t\t<\/div>\n\t\t","protected":false},"excerpt":{"rendered":"<p>Emiliana i Chile, en av v\u00e4rldens st\u00f6rsta ekologiska och biodynamiska vinproducenter, ut\u00f6kar sin areal. Man ska plantera en helt ny ving\u00e5rd p\u00e5 n\u00e4stan 300 hektar, mark som aldrig varit planterad, i regionen Maule. Druvorna blir cabernet sauvignon, syrah och carmen\u00e8re och den f\u00f6rsta sk\u00f6rden blir 2023. Druvorna kommer framf\u00f6r allt anv\u00e4ndas till Emilianas mycket popul\u00e4ra [&hellip;]<\/p>\n","protected":false},"author":4,"featured_media":355649,"comment_status":"open","ping_status":"closed","sticky":false,"template":"","format":"standard","meta":{"footnotes":""},"categories":[126],"tags":[582,215],"class_list":["post-363212","post","type-post","status-publish","format-standard","has-post-thumbnail","hentry","category-nyheter","tag-chile-sv","tag-ekologiskt"],"_links":{"self":[{"href":"https:\/\/www.bkwine.com\/sv\/wp-json\/wp\/v2\/posts\/363212","targetHints":{"allow":["GET"]}}],"collection":[{"href":"https:\/\/www.bkwine.com\/sv\/wp-json\/wp\/v2\/posts"}],"about":[{"href":"https:\/\/www.bkwine.com\/sv\/wp-json\/wp\/v2\/types\/post"}],"author":[{"embeddable":true,"href":"https:\/\/www.bkwine.com\/sv\/wp-json\/wp\/v2\/users\/4"}],"replies":[{"embeddable":true,"href":"https:\/\/www.bkwine.com\/sv\/wp-json\/wp\/v2\/comments?post=363212"}],"version-history":[{"count":0,"href":"https:\/\/www.bkwine.com\/sv\/wp-json\/wp\/v2\/posts\/363212\/revisions"}],"wp:featuredmedia":[{"embeddable":true,"href":"https:\/\/www.bkwine.com\/sv\/wp-json\/wp\/v2\/media\/355649"}],"wp:attachment":[{"href":"https:\/\/www.bkwine.com\/sv\/wp-json\/wp\/v2\/media?parent=363212"}],"wp:term":[{"taxonomy":"category","embeddable":true,"href":"https:\/\/www.bkwine.com\/sv\/wp-json\/wp\/v2\/categories?post=363212"},{"taxonomy":"post_tag","embeddable":true,"href":"https:\/\/www.bkwine.com\/sv\/wp-json\/wp\/v2\/tags?post=363212"}],"curies":[{"name":"wp","href":"https:\/\/api.w.org\/{rel}","templated":true}]}}