{"id":342570,"date":"2018-08-19T11:37:05","date_gmt":"2018-08-19T09:37:05","guid":{"rendered":"https:\/\/www.bkwine.com\/?p=342570"},"modified":"2018-08-29T10:00:57","modified_gmt":"2018-08-29T08:00:57","slug":"mot-tva-av-producenterna-maremma-pa-den-toscanska-kusten-del-2-av-2","status":"publish","type":"post","link":"https:\/\/www.bkwine.com\/sv\/reportage\/vinproducenter\/mot-tva-av-producenterna-maremma-pa-den-toscanska-kusten-del-2-av-2\/","title":{"rendered":"M\u00f6t tv\u00e5 av producenterna i Maremma p\u00e5 den toscanska kusten (del 2 av 2)"},"content":{"rendered":"<h2>Antinoris Le Mortelle och Rocca di Frassinello<\/h2>\n<p><strong>Maremma \u00e4r nykomlingen i Toscana. Regionen fick sin appellation s\u00e5 sent som 2014. Men man har en historia med band tillbaks till b\u00f6rjan av \u201dsupertoscanarna\u201d i n\u00e4rliggande Bolgheri. BKWine Magazines \u00c5sa Johansson har tr\u00e4ffat tv\u00e5 av pionj\u00e4rerna i omr\u00e5det.<\/strong><\/p>\n<p><em><strong>Detta \u00e4r den andra artikeln av tv\u00e5 om Maremma. L\u00e4s den f\u00f6rsta h\u00e4r: <a href=\"https:\/\/www.bkwine.com\/sv\/reportage\/vindistrikt\/maremma-supertoscanarnas-vilda-granne-del-1-av-2\/\">Maremma \u2013 supertoscanarnas vilda granne<\/a>.<\/strong><\/em><\/p>\n<h2>Le Mortelle<\/h2>\n<p>-N\u00e4r Antinori k\u00f6pte g\u00e5rden 1999 var det bara fruktodlingar h\u00e4r, bland annat sex hektar med bl\u00e5b\u00e4r, ber\u00e4ttar Giorgia Dimitriou som \u00e4r vinmakare p\u00e5 Le Mortelle, Marchesi Antinoris g\u00e5rd i Maremma.<\/p>\n<p>Giorgia, med grekiskt ursprung, har en internationell karri\u00e4r bakom sig fr\u00e5n Bordeaux, Nya Zeeland och Australien innan hon kom till Maremma.<\/p>\n<p>Totalt har g\u00e5rden 270 hektar med 170 hektar vinodlingar. Man har beh\u00e5llit tv\u00e5 hektar med bl\u00e5b\u00e4rsodlingar.<\/p>\n<figure id=\"attachment_342556\" aria-describedby=\"caption-attachment-342556\" style=\"width: 900px\" class=\"wp-caption aligncenter\"><img fetchpriority=\"high\" decoding=\"async\" class=\"size-full wp-image-342556\" src=\"https:\/\/www.bkwine.com\/wp-content\/uploads\/2018\/08\/Giorgia-Dimitriou-winemaker-and-agronomist-Onofrio-Viscione-at-le-mortelle.jpg\" alt=\"Giorgia Dimitriou, winemaker, and agronomist Onofrio Viscione at le Mortelle, maremma\" width=\"900\" height=\"1099\" srcset=\"https:\/\/www.bkwine.com\/wp-content\/uploads\/2018\/08\/Giorgia-Dimitriou-winemaker-and-agronomist-Onofrio-Viscione-at-le-mortelle.jpg 900w, https:\/\/www.bkwine.com\/wp-content\/uploads\/2018\/08\/Giorgia-Dimitriou-winemaker-and-agronomist-Onofrio-Viscione-at-le-mortelle-300x366.jpg 300w, https:\/\/www.bkwine.com\/wp-content\/uploads\/2018\/08\/Giorgia-Dimitriou-winemaker-and-agronomist-Onofrio-Viscione-at-le-mortelle-400x488.jpg 400w, https:\/\/www.bkwine.com\/wp-content\/uploads\/2018\/08\/Giorgia-Dimitriou-winemaker-and-agronomist-Onofrio-Viscione-at-le-mortelle-768x938.jpg 768w, https:\/\/www.bkwine.com\/wp-content\/uploads\/2018\/08\/Giorgia-Dimitriou-winemaker-and-agronomist-Onofrio-Viscione-at-le-mortelle-600x733.jpg 600w\" sizes=\"(max-width: 900px) 100vw, 900px\" \/><figcaption id=\"caption-attachment-342556\" class=\"wp-caption-text\">Giorgia Dimitriou, winemaker, and agronomist Onofrio Viscione at le Mortelle, Maremma, copyright A Johansson<\/figcaption><\/figure>\n<p>-Vid starten planterade vi sangiovese, cabernet sauvignon, carmenere och cabernet franc. Men \u00e4ven de gr\u00f6na vermentino, viognier och ansonica. Efter ett par \u00e5r f\u00f6rstod vi att sangiovese inte kom till sin fulla r\u00e4tt h\u00e4r.<\/p>\n<p>-Vi m\u00e4rkte att det var f\u00f6r varmt f\u00f6r sangiovese, trots att vi tagit bort gr\u00e4set mellan raderna f\u00f6r att undvika vattenstress och vi har konstbevattnat sedan starten. Vi har \u00e4ven valt rotstockar som \u00e4r resistenta mot torka som SO4 och 3309, ber\u00e4ttar Giorgia.<\/p>\n<p>Redan efter fyra \u00e5r valde man att byta ut sangiovese genom att ympa p\u00e5 syrah, vermentino och viognier p\u00e5 de existerande vinrankorna och de \u00e4r n\u00f6jda med resultatet.<\/p>\n<p>-Vi \u00e4r bara en kilometer fr\u00e5n havet och jordm\u00e5nen \u00e4r sand, lera och sten, ber\u00e4ttar Giorgia.<\/p>\n<figure id=\"attachment_342558\" aria-describedby=\"caption-attachment-342558\" style=\"width: 900px\" class=\"wp-caption aligncenter\"><img decoding=\"async\" class=\"size-full wp-image-342558\" src=\"https:\/\/www.bkwine.com\/wp-content\/uploads\/2018\/08\/Poggio-alle-Nane-at-Le-Mortelle.jpg\" alt=\"Poggio alle Nane at Le Mortelle, Maremma\" width=\"900\" height=\"1184\" srcset=\"https:\/\/www.bkwine.com\/wp-content\/uploads\/2018\/08\/Poggio-alle-Nane-at-Le-Mortelle.jpg 900w, https:\/\/www.bkwine.com\/wp-content\/uploads\/2018\/08\/Poggio-alle-Nane-at-Le-Mortelle-300x395.jpg 300w, https:\/\/www.bkwine.com\/wp-content\/uploads\/2018\/08\/Poggio-alle-Nane-at-Le-Mortelle-400x526.jpg 400w, https:\/\/www.bkwine.com\/wp-content\/uploads\/2018\/08\/Poggio-alle-Nane-at-Le-Mortelle-768x1010.jpg 768w, https:\/\/www.bkwine.com\/wp-content\/uploads\/2018\/08\/Poggio-alle-Nane-at-Le-Mortelle-600x789.jpg 600w\" sizes=\"(max-width: 900px) 100vw, 900px\" \/><figcaption id=\"caption-attachment-342558\" class=\"wp-caption-text\">Poggio alle Nane at Le Mortelle, Maremma, copyright A Johansson<\/figcaption><\/figure>\n<h3>Ny vinanl\u00e4ggning 2009<\/h3>\n<p>\u00c5r 2009 byggde man en imponerande vinanl\u00e4ggning p\u00e5 Le Mortelle. Arkitektfirman IDEA stod f\u00f6r ritningarna. Samma byr\u00e5 har byggt Antinoris storslagna anl\u00e4ggning i Chianti Classico tillsammans med byr\u00e5n Archea.<\/p>\n<p>Strukturen i Maremma \u00e4r byggd i tre v\u00e5ningar i en tempelliknande rund form.\u00a0 Druvor och vin kan flyttas utan att man anv\u00e4nder pump \u00e4nda ner till vink\u00e4llaren med ekfaten.<\/p>\n<p>-Det g\u00f6r att vi sparar energi, s\u00e4ger Giorgia.<\/p>\n<p>-F\u00f6r oss \u00e4r det viktigt att beh\u00e5lla elegans och undvika att vinerna blir stora och tunga. Det \u00e4r otroligt viktigt att vara noggrann i varje steg av produktionen. Till exempel sk\u00f6rdar vi de gr\u00f6na druvorna tidigt p\u00e5 morgonen s\u00e5 att de kommer in i k\u00e4llaren utan att vara f\u00f6r varma.<\/p>\n<figure id=\"attachment_342557\" aria-describedby=\"caption-attachment-342557\" style=\"width: 1200px\" class=\"wp-caption aligncenter\"><img decoding=\"async\" class=\"size-full wp-image-342557\" src=\"https:\/\/www.bkwine.com\/wp-content\/uploads\/2018\/08\/Le-Mortelle.jpg\" alt=\"Le Mortelle in Maremma\" width=\"1200\" height=\"680\" srcset=\"https:\/\/www.bkwine.com\/wp-content\/uploads\/2018\/08\/Le-Mortelle.jpg 1200w, https:\/\/www.bkwine.com\/wp-content\/uploads\/2018\/08\/Le-Mortelle-300x170.jpg 300w, https:\/\/www.bkwine.com\/wp-content\/uploads\/2018\/08\/Le-Mortelle-400x227.jpg 400w, https:\/\/www.bkwine.com\/wp-content\/uploads\/2018\/08\/Le-Mortelle-768x435.jpg 768w, https:\/\/www.bkwine.com\/wp-content\/uploads\/2018\/08\/Le-Mortelle-600x340.jpg 600w\" sizes=\"(max-width: 1200px) 100vw, 1200px\" \/><figcaption id=\"caption-attachment-342557\" class=\"wp-caption-text\">Le Mortelle in Maremma, Tuscany, copyright A Johansson<\/figcaption><\/figure>\n<p>Giorgia visar ocks\u00e5 de konformade specialgjorda tankarna d\u00e4r g\u00e5rdens toppvin Poggo alle Nane j\u00e4ser.<\/p>\n<p>-Det \u00e4r en v\u00e4ldigt mjuk nedtryckning av skalhatten i de halvautomatiska tankarna. P\u00e5 s\u00e5 s\u00e4tt undviker vi att frig\u00f6ra h\u00e5rda tanniner, ber\u00e4ttar Giorgia.<\/p>\n<p>Som alltid i Antinoris v\u00e4rld s\u00e5 \u00e4r det den genomg\u00e5ende elegansen som g\u00f6r st\u00f6rst intryck. Det g\u00e4ller inredning, viner och \u00e4ven de som arbetar p\u00e5 g\u00e5rden.<\/p>\n<h3>Provningsanteckningar<\/h3>\n<p><strong>Vivia Bianco, 2017, Le Mortelle, Maremma IGP<\/strong><\/p>\n<p>50 % vermentino, 40 % viognier, 10 % ansonica<\/p>\n<p>Frisk doft, fruktig och blommig, doftar havsbris, l\u00e4tt fetma, friska p\u00e4ron och \u00e4pplen och l\u00e4tt s\u00e4lta i bakgrunden. Trevligt och bra aperitifvin.<\/p>\n<p>11 euro cirka.<\/p>\n<p><strong>Botrosecco, 2015, <\/strong><strong>Le Mortelle, <\/strong><strong>Maremma DOP<\/strong><\/p>\n<p>60 % cabernet sauvignon, 40 % cabernet franc<\/p>\n<p>Lagras ett \u00e5r i anv\u00e4nda franska ekfat.<\/p>\n<p>Ett saftigt vin som doftar bl\u00e5b\u00e4r, choklad med en l\u00e4tt vaniljton i bakgrunden, bra syra som skapar balans. Elegant och v\u00e4lgjort.<\/p>\n<p>14 euro cirka.<\/p>\n<p><strong>Poggio alle Nane, 2015,<\/strong><strong> Le Mortelle, <\/strong><strong>Maremma DOP<\/strong><\/p>\n<p>80 % cabernet franc, 10 % cabernet sauvignon, 10 % carmenere<\/p>\n<p>H\u00e4lften av vinet har lagrats i nya franska ekfat i 18 m\u00e5nader. Resten i redan anv\u00e4nda fat.<\/p>\n<p>Underbart gott vin. Delikata och eleganta dofter av s\u00f6ta kryddor, plommon, torkade apelsinskal och rosenblad. Allt sm\u00e5skaligt utan att vilja sticka ut. V\u00e4ldigt imponerad av hur elegant och delikat men samtidigt l\u00e5ngt och strukturerat detta vin \u00e4r. Silkiga tanniner och syra i harmonisk balans.\u00a0 Fantastiskt gott.<\/p>\n<p>50 euro cirka.<\/p>\n<p>Mer om ving\u00e5rden:\u00a0 <a href=\"https:\/\/www.lemortelle.it\" target=\"_blank\" rel=\"noopener\">www.lemortelle.it<\/a><\/p>\n<h2>Rocca di Frassinello<\/h2>\n<p>Rocca di Frassinello \u00e4r en hypermodern anl\u00e4ggning ritad av superk\u00e4nda arkitekten Renzo Piano. Den ligger n\u00e4ra byn Gavorrano cirka trettio minuters bilk\u00f6rning in\u00e5t land fr\u00e5n staden Grosseto. \u00c4ven om byggnaden \u00e4r ultramodern s\u00e5 har man \u00e4nd\u00e5 inte gl\u00f6mt bort lokala traditioner. Huvudbyggnaden \u00e4r tegelr\u00f6d precis som de traditionella husen i Maremma. Uppe p\u00e5 taket sticker ett h\u00f6gt torn upp som Renzo Piano byggt som en p\u00e5minnelse om de m\u00e5nga medeltida tornen i omr\u00e5det.<\/p>\n<p>Det som dock imponerar mest av allt \u00e4r vink\u00e4llaren d\u00e4r vinerna lagras. Den \u00e4r byggd som en amfiteater d\u00e4r ekfaten ligger och vilar p\u00e5 trappstegen i v\u00e4ntan p\u00e5 att inneh\u00e5llet ska bli klart och buteljeras.<\/p>\n<p>-Rocca di Frassinello \u00e4r ett samarbeta mellan Paolo Panerai som \u00e4ger il Castellare di Castellina i Chianti Classico och Baron Rothschild. Tillsammans k\u00f6pte de 500 hektar i Maremma i slutet av nittiotalet, ber\u00e4ttar Pericle Paciello marknadsansvarig p\u00e5 g\u00e5rden.<\/p>\n<figure id=\"attachment_342561\" aria-describedby=\"caption-attachment-342561\" style=\"width: 1200px\" class=\"wp-caption aligncenter\"><img loading=\"lazy\" decoding=\"async\" class=\"size-full wp-image-342561\" src=\"https:\/\/www.bkwine.com\/wp-content\/uploads\/2018\/08\/Wine-cellar-at-Rocca-di-Frassinello.jpg\" alt=\"The wine cellar at Rocca di Frassinello, Maremma\" width=\"1200\" height=\"699\" srcset=\"https:\/\/www.bkwine.com\/wp-content\/uploads\/2018\/08\/Wine-cellar-at-Rocca-di-Frassinello.jpg 1200w, https:\/\/www.bkwine.com\/wp-content\/uploads\/2018\/08\/Wine-cellar-at-Rocca-di-Frassinello-300x175.jpg 300w, https:\/\/www.bkwine.com\/wp-content\/uploads\/2018\/08\/Wine-cellar-at-Rocca-di-Frassinello-400x233.jpg 400w, https:\/\/www.bkwine.com\/wp-content\/uploads\/2018\/08\/Wine-cellar-at-Rocca-di-Frassinello-768x447.jpg 768w, https:\/\/www.bkwine.com\/wp-content\/uploads\/2018\/08\/Wine-cellar-at-Rocca-di-Frassinello-600x350.jpg 600w\" sizes=\"(max-width: 1200px) 100vw, 1200px\" \/><figcaption id=\"caption-attachment-342561\" class=\"wp-caption-text\">The wine cellar at Rocca di Frassinello, Maremma, copyright A Johansson<\/figcaption><\/figure>\n<p>Idag har Rocca di Frassinello 83 hektar med vinodlingar. Halva produktionen \u00e4r sangiovese. Deras vinmakare heter Alessandro Cellai.<\/p>\n<p>-Vi satsar \u00e4ven mycket p\u00e5 vinturism, vi tror att det \u00e4r viktigt f\u00f6r att st\u00e4rka v\u00e5rt varum\u00e4rke, ber\u00e4ttar Pericle och tar mig med p\u00e5 en vacker promenad bland vinf\u00e4lt och f\u00f6rbi en liten sj\u00f6 innan vi n\u00e5r en etruskisk gravplats med tio gravar.<\/p>\n<p>Maremma \u00e4r hemvist f\u00f6r m\u00e5nga etruskiska l\u00e4mningar. Etruskerna, folkslaget som levde i centrala Italien innan romarna tog \u00f6ver, var utm\u00e4rkta hantverkare och vinproducenter.<\/p>\n<p>-Etruskerna brukade blanda sina viner med ost, torkade blomblad, honung och vatten, ber\u00e4ttar Pericle som har f\u00f6rberett ett etruskiskt smakprov inne p\u00e5 det lilla museet de gjort i ordning med de l\u00e4mningar som de funnit under utgr\u00e4vningarna. Det smakar mycket speciellt, men \u00e4r intressant att prova.<\/p>\n<p>P\u00e5 Rocca di Frassinello finns det n\u00e5got f\u00f6r alla, kultur, vackert landskap och sist men inte minst v\u00e4lgjorda viner.<\/p>\n<figure id=\"attachment_342559\" aria-describedby=\"caption-attachment-342559\" style=\"width: 900px\" class=\"wp-caption aligncenter\"><img loading=\"lazy\" decoding=\"async\" class=\"size-full wp-image-342559\" src=\"https:\/\/www.bkwine.com\/wp-content\/uploads\/2018\/08\/Rocca-di-Frassinello-Pericle-Paciulli-serves-etruscan-wine.jpg\" alt=\"Rocca di Frassinello, Pericle Paciulli serves Etruscan wine in Maremma\" width=\"900\" height=\"1148\" srcset=\"https:\/\/www.bkwine.com\/wp-content\/uploads\/2018\/08\/Rocca-di-Frassinello-Pericle-Paciulli-serves-etruscan-wine.jpg 900w, https:\/\/www.bkwine.com\/wp-content\/uploads\/2018\/08\/Rocca-di-Frassinello-Pericle-Paciulli-serves-etruscan-wine-300x383.jpg 300w, https:\/\/www.bkwine.com\/wp-content\/uploads\/2018\/08\/Rocca-di-Frassinello-Pericle-Paciulli-serves-etruscan-wine-400x510.jpg 400w, https:\/\/www.bkwine.com\/wp-content\/uploads\/2018\/08\/Rocca-di-Frassinello-Pericle-Paciulli-serves-etruscan-wine-768x980.jpg 768w, https:\/\/www.bkwine.com\/wp-content\/uploads\/2018\/08\/Rocca-di-Frassinello-Pericle-Paciulli-serves-etruscan-wine-600x765.jpg 600w\" sizes=\"(max-width: 900px) 100vw, 900px\" \/><figcaption id=\"caption-attachment-342559\" class=\"wp-caption-text\">Rocca di Frassinello, Pericle Paciello serves Etruscan wine in Maremma, copyright A Johansson<\/figcaption><\/figure>\n<h3>Provningsanteckningar<\/h3>\n<p><strong>Ornello, 2015, Rocca di Frassinello, Maremma DOP<\/strong><\/p>\n<p>40 % sangiovese, 20 % syrah, 20 % cabernet sauvignon, 20 % merlot<\/p>\n<p>R\u00f6d frukt, torkade apelsinskal, l\u00e4tt oxiderad ton, rustikt med mycket tanniner.<\/p>\n<p>Cirka 13 euro<\/p>\n<p><strong>Le Sughere di Frassinello, 2015, Maremma DOP<\/strong><\/p>\n<p>50 % sangiovese, 25 % merlot, 25 % cabernet sauvignon<\/p>\n<p>Mogen frukt, s\u00f6ta kryddor, kanel, vanilj, mogna tanniner, ett varmt vin med ett l\u00e4tt bittert avslut.<\/p>\n<p>Cirka 16 euro<\/p>\n<p><strong>Rocca di Frassinello, 2015, Maremma DOP<\/strong><\/p>\n<p>60 % sangiovese, 20 % merlot, 20 % cabernet sauvignon<\/p>\n<p>Mycket k\u00f6rsb\u00e4r i doften, l\u00e5nga och mer eleganta tanniner som blandas upp med smak av r\u00f6da frukter, l\u00e4tt s\u00f6tma i bakgrunden som ger en rundare framtoning. Mycket trevligt.<\/p>\n<p>Cirka 45 euro<\/p>\n<p><strong>Rocca di Frassinello 2006, Maremma DOP<\/strong><\/p>\n<p>60 % sangiovese, 20 % merlot, 20 % cabernet sauvignon<\/p>\n<p>Tegelf\u00e4rgade toner som visar vinets \u00e5lder, utvecklade aromer med inslag av balsamvin\u00e4ger, torkade plommon, vitpeppar och lakrits. Fortfarande levande tanniner och syra och en l\u00e5ng intensiv finish. Ett vin som \u00e5ldrats med klass.<\/p>\n<p>Pris p\u00e5 f\u00f6rfr\u00e5gan<\/p>\n<p><strong>Baffonero, 2015, Maremma IGP<\/strong><\/p>\n<p>100 % merlot<\/p>\n<p>M\u00f6rka b\u00e4r, en fyllig och stor merlot med doft av mogna k\u00f6rsb\u00e4r, bl\u00e5b\u00e4r med p\u00e5tagliga tanniner, vanilj, kaffe. Ett vin f\u00f6r de som tycker om \u201dstora\u201d merlotviner.<\/p>\n<p>Cirka 150 euro<\/p>\n<p>Mer om ving\u00e5rden: <a href=\"https:\/\/www.roccadifrassinello.it\" target=\"_blank\" rel=\"noopener\">www.roccadifrassinello.it<\/a><\/p>\n<p><em><strong>Detta \u00e4r den andra artikeln av tv\u00e5 om Maremma. L\u00e4s den f\u00f6rsta h\u00e4r: <a href=\"https:\/\/www.bkwine.com\/sv\/reportage\/vindistrikt\/maremma-supertoscanarnas-vilda-granne-del-1-av-2\/\">Maremma \u2013 supertoscanarnas vilda granne<\/a>.<\/strong><\/em><\/p>\n<p><em><a href=\"https:\/\/www.bkwine.com\/sv\/author\/asajohansson\/\"><strong>\u00c5sa Johansson<\/strong><\/a> \u00e4r BKWines fotf\u00e4ste i Italien. Hon bor i Florens sedan tidigt 2000-tal och hon \u00e4r passionerat intresserad av allt italienskt. Hon kom till Italien f\u00f6r att l\u00e4sa statskunskap och blev kvar.<br \/>\n<\/em><\/p>\n<p>[box type=&#8221;info&#8221; size=&#8221;large&#8221; style=&#8221;rounded&#8221; border=&#8221;full&#8221;]<\/p>\n<p><strong>Inget g\u00e5r upp mot att uppleva vindistrikten och prova vinerna p\u00e5 plats. <a href=\"https:\/\/www.bkwinevinresor.com\/aktuella-resor\/vinresa-toscana-chianti\/\" target=\"_blank\" rel=\"noopener\">Kom med till Toscana p\u00e5 en fantastisk vinresa<\/a> med BKWine.<\/strong><\/p>\n<p style=\"text-align: center;\"><em>Res till v\u00e4rldens vindistrikt med experterna p\u00e5 vin och specialisten p\u00e5 vinresor.<\/em><\/p>\n<p style=\"text-align: center;\"><em>Vinresor som tar dig med till det b\u00e4sta och det godaste. BKWine vinresor.<\/em><\/p>\n<p>[\/box]<\/p>\n<figure id=\"attachment_342560\" aria-describedby=\"caption-attachment-342560\" style=\"width: 1200px\" class=\"wp-caption aligncenter\"><img loading=\"lazy\" decoding=\"async\" class=\"size-full wp-image-342560\" src=\"https:\/\/www.bkwine.com\/wp-content\/uploads\/2018\/08\/Rocca-di-Frassinello-vineyards.jpg\" alt=\"Rocca di Frassinello vineyards in Maremma\" width=\"1200\" height=\"674\" srcset=\"https:\/\/www.bkwine.com\/wp-content\/uploads\/2018\/08\/Rocca-di-Frassinello-vineyards.jpg 1200w, https:\/\/www.bkwine.com\/wp-content\/uploads\/2018\/08\/Rocca-di-Frassinello-vineyards-300x169.jpg 300w, https:\/\/www.bkwine.com\/wp-content\/uploads\/2018\/08\/Rocca-di-Frassinello-vineyards-400x225.jpg 400w, https:\/\/www.bkwine.com\/wp-content\/uploads\/2018\/08\/Rocca-di-Frassinello-vineyards-768x431.jpg 768w, https:\/\/www.bkwine.com\/wp-content\/uploads\/2018\/08\/Rocca-di-Frassinello-vineyards-600x337.jpg 600w\" sizes=\"(max-width: 1200px) 100vw, 1200px\" \/><figcaption id=\"caption-attachment-342560\" class=\"wp-caption-text\">Rocca di Frassinello vineyards in Maremma, copyright A Johansson<\/figcaption><\/figure>\n<p>&nbsp;<\/p>\n","protected":false},"excerpt":{"rendered":"<p>Antinoris Le Mortelle och Rocca di Frassinello Maremma \u00e4r nykomlingen i Toscana. Regionen fick sin appellation s\u00e5 sent som 2014. Men man har en historia med band tillbaks till b\u00f6rjan av \u201dsupertoscanarna\u201d i n\u00e4rliggande Bolgheri. BKWine Magazines \u00c5sa Johansson har tr\u00e4ffat tv\u00e5 av pionj\u00e4rerna i omr\u00e5det. Detta \u00e4r den andra artikeln av tv\u00e5 om Maremma. [&hellip;]<\/p>\n","protected":false},"author":8,"featured_media":342560,"comment_status":"open","ping_status":"open","sticky":false,"template":"","format":"standard","meta":{"footnotes":""},"categories":[129],"tags":[1014,1647,224],"class_list":["post-342570","post","type-post","status-publish","format-standard","has-post-thumbnail","hentry","category-vinproducenter","tag-italien","tag-maremma-sv","tag-toscana"],"_links":{"self":[{"href":"https:\/\/www.bkwine.com\/sv\/wp-json\/wp\/v2\/posts\/342570","targetHints":{"allow":["GET"]}}],"collection":[{"href":"https:\/\/www.bkwine.com\/sv\/wp-json\/wp\/v2\/posts"}],"about":[{"href":"https:\/\/www.bkwine.com\/sv\/wp-json\/wp\/v2\/types\/post"}],"author":[{"embeddable":true,"href":"https:\/\/www.bkwine.com\/sv\/wp-json\/wp\/v2\/users\/8"}],"replies":[{"embeddable":true,"href":"https:\/\/www.bkwine.com\/sv\/wp-json\/wp\/v2\/comments?post=342570"}],"version-history":[{"count":0,"href":"https:\/\/www.bkwine.com\/sv\/wp-json\/wp\/v2\/posts\/342570\/revisions"}],"wp:featuredmedia":[{"embeddable":true,"href":"https:\/\/www.bkwine.com\/sv\/wp-json\/wp\/v2\/media\/342560"}],"wp:attachment":[{"href":"https:\/\/www.bkwine.com\/sv\/wp-json\/wp\/v2\/media?parent=342570"}],"wp:term":[{"taxonomy":"category","embeddable":true,"href":"https:\/\/www.bkwine.com\/sv\/wp-json\/wp\/v2\/categories?post=342570"},{"taxonomy":"post_tag","embeddable":true,"href":"https:\/\/www.bkwine.com\/sv\/wp-json\/wp\/v2\/tags?post=342570"}],"curies":[{"name":"wp","href":"https:\/\/api.w.org\/{rel}","templated":true}]}}