{"id":338828,"date":"2017-11-21T18:04:59","date_gmt":"2017-11-21T17:04:59","guid":{"rendered":"https:\/\/www.bkwine.com\/?p=338828"},"modified":"2017-11-21T18:05:21","modified_gmt":"2017-11-21T17:05:21","slug":"varldsrekord-vingardspris-miljardar-koper-clos-de-tart-grand-cru-cote-dor","status":"publish","type":"post","link":"https:\/\/www.bkwine.com\/sv\/nyheter\/varldsrekord-vingardspris-miljardar-koper-clos-de-tart-grand-cru-cote-dor\/","title":{"rendered":"V\u00e4rldsrekord i ving\u00e5rdspris: miljard\u00e4r k\u00f6per Clos de Tart grand cru i C\u00f4te d\u2019Or"},"content":{"rendered":"<p>Clos de Tart \u00e4r en 7,5 hektar stor grand cru-ving\u00e5rd i Morey-Saint-Denis i C\u00f4te de Nuits. Ving\u00e5rden \u00e4r k\u00e4nd sedan m\u00e5nga hundra \u00e5r och \u00e4gs av familjen Mommesin sedan 1930-talet. Nu l\u00e4r det dock vara \u00e4garskifte p\u00e5 g\u00e5ng. Det \u00e4r Fran\u00e7ois Pinault, en av Frankrikes rikaste m\u00e4n, som ska bli ny \u00e4gare till den prestigefulla ving\u00e5rden. Pinault \u00e4ger redan andra vinegendomar, bl a Ch\u00e2teau Latour i Bordeaux.<\/p>\n<p>P\u00e5 Clos de Tart blir han granne med en annan miljard\u00e4r och aff\u00e4rsman med intresse (huvudsakligen finansiellt) f\u00f6r vinbranschen, n\u00e4mligen LVMHs Bernard Arnault (Ch\u00e2teau d\u2019Yquem, Ch\u00e2teau Cheval Blanc m.fl) som f\u00f6r ett par \u00e5r sedan k\u00f6pte Clos des Lambrays.<\/p>\n<p>Enligt obekr\u00e4ftade uppgifter skulle priset kunna vara n\u00e4rmare 250 miljoner euro, vilket skulle motsvara ca 34 miljoner euro per hektar. Eller 34 000 kronor per kvadratmeter. Jordbruksmark.<\/p>\n<p>Morey-Saint-Denis \u00e4r en liten kommun p\u00e5 93 hektar. Den \u00e4r dock v\u00e4l f\u00f6rsedd med grand cru-ving\u00e5rdar, f\u00f6rutom n\u00e4mnda Clos de Tart och Clos des Lambrays \u00e4ven Clos Saint-Denis, Clos de la Roche och Bonnes Mares (som Morey delar med grannbyn Chambolle-Musigny). L\u00e4s mer: <a href=\"https:\/\/www.decanter.com\/wine-news\/clos-de-tart-sold-latour-owner-pinault-378848\/\" target=\"_blank\" rel=\"noopener\">decanter.com<\/a>.<\/p>\n<p>Vill du veta mer om vindistriktet s\u00e5 kan du l\u00e4sa <a href=\"https:\/\/www.bkwine.com\/sv\/vara-bocker\/bourgogne-vinerna-distrikten-producenterna\/om-boken\/\">v\u00e5r vinbok om Bourgogne och dess viner<\/a>.<\/p>\n<figure id=\"attachment_338787\" aria-describedby=\"caption-attachment-338787\" style=\"width: 600px\" class=\"wp-caption aligncenter\"><img fetchpriority=\"high\" decoding=\"async\" class=\"size-large wp-image-338787\" src=\"https:\/\/www.bkwine.com\/wp-content\/uploads\/2017\/10\/030806-2-k082-0026-600x387.jpg\" alt=\"Clos de Tart grand cru bourgogne, Morey Saint Denis\" width=\"600\" height=\"387\" srcset=\"https:\/\/www.bkwine.com\/wp-content\/uploads\/2017\/10\/030806-2-k082-0026-600x387.jpg 600w, https:\/\/www.bkwine.com\/wp-content\/uploads\/2017\/10\/030806-2-k082-0026-300x194.jpg 300w, https:\/\/www.bkwine.com\/wp-content\/uploads\/2017\/10\/030806-2-k082-0026-400x258.jpg 400w, https:\/\/www.bkwine.com\/wp-content\/uploads\/2017\/10\/030806-2-k082-0026-768x496.jpg 768w, https:\/\/www.bkwine.com\/wp-content\/uploads\/2017\/10\/030806-2-k082-0026.jpg 900w\" sizes=\"(max-width: 600px) 100vw, 600px\" \/><figcaption id=\"caption-attachment-338787\" class=\"wp-caption-text\">Clos de Tart grand cru bourgogne, Morey Saint Denis, copyright BKWine Photography<\/figcaption><\/figure>\n","protected":false},"excerpt":{"rendered":"<p>Clos de Tart \u00e4r en 7,5 hektar stor grand cru-ving\u00e5rd i Morey-Saint-Denis i C\u00f4te de Nuits. Ving\u00e5rden \u00e4r k\u00e4nd sedan m\u00e5nga hundra \u00e5r och \u00e4gs av familjen Mommesin sedan 1930-talet. Nu l\u00e4r det dock vara \u00e4garskifte p\u00e5 g\u00e5ng. Det \u00e4r Fran\u00e7ois Pinault, en av Frankrikes rikaste m\u00e4n, som ska bli ny \u00e4gare till den prestigefulla [&hellip;]<\/p>\n","protected":false},"author":4,"featured_media":338787,"comment_status":"open","ping_status":"closed","sticky":false,"template":"","format":"standard","meta":{"footnotes":""},"categories":[126],"tags":[230,1970,405,2385,663,1411],"class_list":["post-338828","post","type-post","status-publish","format-standard","has-post-thumbnail","hentry","category-nyheter","tag-bourgogne","tag-frankrike","tag-knappt","tag-markpriser","tag-vingard-till-salu","tag-vingardar"],"_links":{"self":[{"href":"https:\/\/www.bkwine.com\/sv\/wp-json\/wp\/v2\/posts\/338828","targetHints":{"allow":["GET"]}}],"collection":[{"href":"https:\/\/www.bkwine.com\/sv\/wp-json\/wp\/v2\/posts"}],"about":[{"href":"https:\/\/www.bkwine.com\/sv\/wp-json\/wp\/v2\/types\/post"}],"author":[{"embeddable":true,"href":"https:\/\/www.bkwine.com\/sv\/wp-json\/wp\/v2\/users\/4"}],"replies":[{"embeddable":true,"href":"https:\/\/www.bkwine.com\/sv\/wp-json\/wp\/v2\/comments?post=338828"}],"version-history":[{"count":0,"href":"https:\/\/www.bkwine.com\/sv\/wp-json\/wp\/v2\/posts\/338828\/revisions"}],"wp:featuredmedia":[{"embeddable":true,"href":"https:\/\/www.bkwine.com\/sv\/wp-json\/wp\/v2\/media\/338787"}],"wp:attachment":[{"href":"https:\/\/www.bkwine.com\/sv\/wp-json\/wp\/v2\/media?parent=338828"}],"wp:term":[{"taxonomy":"category","embeddable":true,"href":"https:\/\/www.bkwine.com\/sv\/wp-json\/wp\/v2\/categories?post=338828"},{"taxonomy":"post_tag","embeddable":true,"href":"https:\/\/www.bkwine.com\/sv\/wp-json\/wp\/v2\/tags?post=338828"}],"curies":[{"name":"wp","href":"https:\/\/api.w.org\/{rel}","templated":true}]}}