{"id":327882,"date":"2016-04-01T09:14:51","date_gmt":"2016-04-01T07:14:51","guid":{"rendered":"https:\/\/www.bkwine.com\/sv\/?p=327882"},"modified":"2020-10-05T15:09:40","modified_gmt":"2020-10-05T13:09:40","slug":"vad-betyder-fagen-ny-bkwine-brief-ute-nr-151-nyhetsbrevet-om-vin","status":"publish","type":"post","link":"https:\/\/www.bkwine.com\/sv\/debatt\/vad-betyder-fagen-ny-bkwine-brief-ute-nr-151-nyhetsbrevet-om-vin\/","title":{"rendered":"Vad betyder f\u00e4gen? | Ny BKWine Brief ute, nr 151"},"content":{"rendered":"<p><img decoding=\"async\" style=\"border: 0px solid; width: 592px; height: 78px;\" src=\"https:\/\/www.bkwine.com\/wp-content\/uploads\/2011\/12\/bkwinebrief-logo.gif\" alt=\"BKWine Brief logo\" align=\"middle\" \/><\/p>\n<hr size=\"5\" \/>\n<p><img decoding=\"async\" src=\"https:\/\/www.bkwine.com\/wp-content\/uploads\/2011\/06\/per-2.jpg\" alt=\"Per Karlsson portrait\" align=\"right\" \/> <img decoding=\"async\" src=\"https:\/\/www.bkwine.com\/wp-content\/uploads\/2011\/06\/britt-1.jpg\" alt=\"Britt Karlsson portrait\" align=\"right\" \/>Vitt, r\u00f6tt ros\u00e9? F\u00e4rgen handlar inte bara om det!<\/p>\n<p>Vad betyder f\u00e4rgen f\u00f6r vinet? Ganska mycket. M\u00e5nga tycker om m\u00f6rka, kompakta viner, de lovar fyllighet, kraft och massvis med frukt. Ljusa viner gjorda p\u00e5 pinot noir, nebbiolo med flera druvor kan dock ha v\u00e4l s\u00e5 intensiva aromer. Men f\u00e4rgen \u00e4r f\u00f6rsta intrycket, s\u00e5 visst p\u00e5verkas folk av den. Och n\u00e4stan alltid \u00e4r det ett m\u00f6rkt vin som ger folk det mest positiva intrycket.<\/p>\n<p>Hur \u00e4r det med vita viner d\u00e5? D\u00e4r \u00e4r det nog ocks\u00e5 s\u00e5 att ett vitt vin med f\u00e4rg, en gyllengul nyans, ger folk positiva vibrationer. Inte ett vin vars utseende kan f\u00f6rv\u00e4xlas med vatten.<\/p>\n<p>Vi f\u00e5r ett f\u00f6rsta intryck av vinet n\u00e4r vi tittar p\u00e5 f\u00e4rgen. Och s\u00e5 f\u00f6rv\u00e4ntar vi oss att doften och smaken ska vara p\u00e5 ett speciellt s\u00e4tt. K\u00e4nner man sig negativ inf\u00f6r bourgognens ljusa f\u00e4rg kanske inte hj\u00e4rnan registrerar de h\u00e4rliga dofterna.<\/p>\n<p>Blindprovar man s\u00e5 f\u00e5r man f\u00f6rst\u00e5s lite hj\u00e4lp av f\u00e4rgen. Man kan se om vinet \u00e4r ungt (bl\u00e5r\u00f6tt), gammalt (ljusare, brunare), eklagrat (tegelr\u00f6tt) eller gjort p\u00e5 druvor med l\u00e5ga halter f\u00e4rgpigment, som de tv\u00e5 ovann\u00e4mnda.<\/p>\n<p>Men man g\u00e5r f\u00f6rst\u00e5s aldrig s\u00e4ker. Idag n\u00e4r viner g\u00f6rs \u00f6ver allt i v\u00e4rlden, i olika klimat, kan en pinot noir bli kraftigt r\u00f6d och en syrah ljusr\u00f6d. Det \u00e4r ocks\u00e5 upp till vinproducenten. Han kan arbeta med vinet i k\u00e4llaren f\u00f6r att f\u00e5 den f\u00e4rg han vill. S\u00e5, titta p\u00e5 f\u00e4rgen men t\u00e4nk inte f\u00f6r mycket p\u00e5 den! Dofta och drick i st\u00e4llet.<\/p>\n<p>Allra sv\u00e5rast \u00e4r att g\u00f6ra ett ros\u00e9vin. Man kan kanske tro att det \u00e4r l\u00e4tt att g\u00f6ra ros\u00e9, att man bara l\u00e5ter det bli lite \u201dmitt emellan\u201d, men nej. Det \u00e4r faktiskt mer komplicerat att g\u00f6ra ros\u00e9 \u00e4n vitt eller r\u00f6tt. Till exempel \u00e4r det sv\u00e5rt att f\u00e5 just den f\u00e4rg man vill ha. Eller kanske snarare den f\u00e4rg som konsumenten vill ha. F\u00f6r n\u00e4r folk handlar ros\u00e9, d\u00e5 tittar de verkligen p\u00e5 f\u00e4rgen. Olika f\u00e4rger fungerar olika bra p\u00e5 olika marknader. Fransm\u00e4n gillar ljusa ros\u00e9er, spanjorer vill ha dem m\u00f6rka. Vilken sorts ros\u00e9 gillar du?<\/p>\n<p>Britt &amp; Per<\/p>\n<p style=\"font-weight: bold;\">Tipsa andra om Briefen!<\/p>\n<p>&nbsp;<\/p>\n<p>[hr]<\/p>\n<p>[box type=&#8221;note&#8221; size=&#8221;large&#8221; style=&#8221;rounded&#8221; border=&#8221;full&#8221;]<strong>Det h\u00e4r \u00e4r <em>bara inledningen<\/em> till senaste numret av BKWine Brief. <a title=\"Prenumerera p\u00e5 Briefen\" href=\"https:\/\/www.bkwine.com\/sv\/nyheter\/sv\/nyhetsbrev-om-vin\/prenumerera-gratis\/\">Prenumerera p\u00e5 Briefen<\/a> s\u00e5 f\u00e5r du n\u00e4sta nummer direkt i din brevl\u00e5da.<\/strong>[\/box]<\/p>\n<h2>Aktuellt om BKWines vinresor<\/h2>\n<h3>V\u00e5r 2016 (med plats kvar)<\/h3>\n<ul>\n<li><a href=\"https:\/\/www.bkwinevinresor.com\/aktuella-resor\/vinresa-veneto-amarone-valpolicella\/\" target=\"_blank\" rel=\"noopener noreferrer\"><b>Veneto: Valpolicella, Amarone, Soave<\/b><\/a>, 4-8 maj<\/li>\n<li><a href=\"https:\/\/www.bkwinevinresor.com\/aktuella-resor\/vinresa-klassiker-champagne-sancerre-chablis\/\" target=\"_blank\" rel=\"noopener noreferrer\"><b>3 Klassiker: Vinresa i Champagne, Sancerre, Chablis<\/b><\/a>, 18-22 maj<\/li>\n<li><a href=\"https:\/\/www.bkwinevinresor.com\/aktuella-resor\/vinresa-piemonte-barolo-barbaresco\/\" target=\"_blank\" rel=\"noopener noreferrer\"><b>Piemonte, vin &amp; matlagning<\/b><\/a>, 25-29 maj<\/li>\n<\/ul>\n<h3><strong>H\u00f6st 2016<\/strong><\/h3>\n<ul>\n<li><b><a href=\"https:\/\/www.bkwinevinresor.com\/aktuella-resor\/vinresa-franciacorta-prosecco-valpolicella\/\" target=\"_blank\" rel=\"noopener noreferrer\">Bubbel i Italien: Franciacorta, Prosecco, Valpolicella<\/a><\/b>, 7-11 september<\/li>\n<li><b><a href=\"https:\/\/www.bkwinevinresor.com\/aktuella-resor\/vinresa-champagne\/\" target=\"_blank\" rel=\"noopener noreferrer\">Champagne<\/a><\/b>, 14-18 september<\/li>\n<li><b><a href=\"https:\/\/www.bkwinevinresor.com\/aktuella-resor\/vinresa-rioja-spanien\/\" target=\"_blank\" rel=\"noopener noreferrer\">Rioja<\/a><\/b>, 21-25 september<\/li>\n<li><b><a href=\"https:\/\/www.bkwinevinresor.com\/aktuella-resor\/vinresa-matresa-toscana-chianti-montalcino\/\" target=\"_blank\" rel=\"noopener noreferrer\">Toscana, vin och mat<\/a><\/b>, 21-25 september<\/li>\n<li><b><a href=\"https:\/\/www.bkwinevinresor.com\/aktuella-resor\/vinresa-bordeaux\/\" target=\"_blank\" rel=\"noopener noreferrer\">Bordeaux<\/a><\/b>, 28 september \u2013 2 oktober<\/li>\n<li><b><a href=\"https:\/\/www.bkwinevinresor.com\/aktuella-resor\/vinresa-languedoc\/\" target=\"_blank\" rel=\"noopener noreferrer\">Languedoc<\/a><\/b>, 28 september \u2013 2 oktober<\/li>\n<li><b><a href=\"https:\/\/www.bkwinevinresor.com\/aktuella-resor\/vinresa-katalonien\/\" target=\"_blank\" rel=\"noopener noreferrer\">Katalonien med Priorat<\/a><\/b>, 5-9 oktober<\/li>\n<li><b><a href=\"https:\/\/www.bkwinevinresor.com\/aktuella-resor\/vinresa-valpolicella-amarone-soave-veneto\/\" target=\"_blank\" rel=\"noopener noreferrer\">Veneto: Valpolicella, Amarone, Soave<\/a><\/b>, 12-16 oktober<\/li>\n<li><b><a href=\"https:\/\/www.bkwinevinresor.com\/aktuella-resor\/vinresa-dourodalen-porto-portugal\/\" target=\"_blank\" rel=\"noopener noreferrer\">Dourodalen<\/a><\/b>, 12-16 oktober<\/li>\n<li><b><a href=\"https:\/\/www.bkwinevinresor.com\/aktuella-resor\/vinresa-piemonte\/\" target=\"_blank\" rel=\"noopener noreferrer\">Piemonte, vin &amp; tryffel<\/a><\/b>, 19-23 oktober<\/li>\n<li><b><a href=\"https:\/\/www.bkwinevinresor.com\/aktuella-resor\/vinresa-rhone-chateauneuf-du-pape\/\" target=\"_blank\" rel=\"noopener noreferrer\">S\u00f6dra Rh\u00f4ne och Ch\u00e2teauneuf-du-Pape<\/a><\/b>, 19-23 oktober<\/li>\n<li><b><a href=\"https:\/\/www.bkwinevinresor.com\/aktuella-resor\/vinresa-kampanien-sodra-italien\/\" target=\"_blank\" rel=\"noopener noreferrer\">Kampanien vin &amp; mat, s\u00f6dra Italien<\/a><\/b>, 26-30 oktober<\/li>\n<\/ul>\n<h3>Vinter 2017<\/h3>\n<ul>\n<li><b><a href=\"https:\/\/www.bkwinevinresor.com\/aktuella-resor\/vinresa-argentina-chile\/\" target=\"_blank\" rel=\"noopener noreferrer\">Chile och Argentina<\/a><\/b>, 28 januari &#8211; 12 februari 2017<\/li>\n<li><b><a href=\"https:\/\/www.bkwinevinresor.com\/aktuella-resor\/vinresa-sydafrika\/\" target=\"_blank\" rel=\"noopener noreferrer\">Sydafrika<\/a><\/b>, 24 februari &#8211; 7 mars 2017<\/li>\n<\/ul>\n<p>Fullst\u00e4ndigt program f\u00f6r alla resor och information om <a title=\"skr\u00e4ddarsydda vinresor\" href=\"https:\/\/www.bkwinevinresor.com\/vin-o-matresor\/skraddarsydda\/presentation\/\" target=\"_blank\" rel=\"noopener noreferrer\">skr\u00e4ddarsydda vinresor<\/a>, konferensresor, <a title=\"lyxvinresor och exklusiva gourmetresor\" href=\"https:\/\/www.bkwinevinresor.com\/vin-o-matresor\/skraddarsydda\/exklusiva-resor\/\" target=\"_blank\" rel=\"noopener noreferrer\">lyxvinresor<\/a> osv finns p\u00e5 <a title=\"BKWineVinresor.com, sajten med de b\u00e4sta vin- och matresorna\" href=\"https:\/\/www.bkwinevinresor.com\" target=\"_blank\" rel=\"noopener noreferrer\">BKWineVinresor.com<\/a>.<\/p>\n<p>\u201d<em>V\u00e4rldens b\u00e4sta vinresor<\/em>\u201d, enligt Travel+Leisure. \u201d<em>Topp 10-vinresor<\/em>\u201d enligt AOL Travel. Av Munsk\u00e4nkarna \u201d<em>rekommenderade resor<\/em>\u201d.<\/p>\n<p>Varf\u00f6r chansa p\u00e5 en annan vinresa?<\/p>\n<p><strong>Boka en vinresa med BKWine nu!<\/strong><\/p>\n<p><a href=\"https:\/\/www.facebook.com\/BKWineVinresor\" target=\"_blank\" rel=\"noopener noreferrer\">&#8221;Gilla&#8221; BKWine Vinresor p\u00e5 Facebook!<\/a><\/p>\n<p><span style=\"font-weight: bold;\"> Skr\u00e4ddarsydda resor, konferenser<\/span>: Vi kan \u00e4ven skr\u00e4ddarsy resor p\u00e5 beg\u00e4ran, f\u00f6r dig och en grupp v\u00e4nner, ditt f\u00f6retag, vinklubb eller en f\u00f6rening. L\u00e4s mer om v\u00e5ra <a href=\"https:\/\/www.bkwinevinresor.com\/vin-o-matresor\/skraddarsydda\/presentation\/\">skr\u00e4ddarsydda och specialdesignade vinresor och matresor h\u00e4r<\/a>!<\/p>\n<p><span style=\"font-weight: bold;\">Finska, Engelska<\/span>: Vi har ocks\u00e5 resor p\u00e5 finska &#8211; viinimatkoja! Kontakta oss. Och p\u00e5 engelska: <a href=\"https:\/\/www.bkwinetours.com\/\" target=\"_blank\" rel=\"noopener noreferrer\">world&#8217;s best wine tours with BKWine<\/a>. F\u00f6r detaljerad information: skicka oss ett email eller ring: <a href=\"https:\/\/www.bkwine.com\/sv\/kontakt\/\">kontakdetaljer<\/a>.<\/p>\n<p>F\u00f6r detaljerad information: skicka oss ett email eller ring: <a href=\"https:\/\/www.bkwine.com\/sv\/kontakt\/\">kontakdetaljer<\/a>.<\/p>\n<p>Allt <a title=\"Allt om v\u00e5ra vinresor och matresor\" href=\"https:\/\/www.bkwinevinresor.com\">om v\u00e5ra vinresor och matresor hittar du h\u00e4r<\/a>.<\/p>\n<p>Vill du ha <a title=\"senaste nytt fr\u00e5n v\u00e5r reseblogg och v\u00e5r reseverksamhet\" href=\"https:\/\/www.bkwinevinresor.com\/om-bkwine\/nyhetsbrev-om-vin-och-resor\/\" target=\"_blank\" rel=\"noopener noreferrer\">senaste nytt fr\u00e5n v\u00e5r reseblogg och v\u00e5r reseverksamhet? Prenumerera h\u00e4r (alternativ tv\u00e5, BKWineVinresor.com)<\/a>!<\/p>\n<hr size=\"2\" \/>\n<h2>L\u00e4s v\u00e5ra b\u00f6cker<\/h2>\n<h3>Bordeaux, vinerna, distrikten, producenterna<\/h3>\n<p>En oumb\u00e4rlig guide f\u00f6r dig som vill veta mer om detta v\u00e4rldsber\u00f6mda vindistrikt, dess viner och vinproducenter, i serien Guide till vinets v\u00e4rld. K\u00f6p <a href=\"https:\/\/www.bkwine.com\/sv\/vara-bocker\/bordeaux-vinerna-distrikten-producenterna\/kop-boken\/\">Bordeaux, vinerna, distrikten, producenterna<\/a>.<\/p>\n<h3>Toscana, vinerna, distrikten, producenterna<\/h3>\n<p>En oumb\u00e4rlig guide f\u00f6r dig som vill veta mer om detta v\u00e4rldsber\u00f6mda vindistrikt, dess viner och vinproducenter, i serien Guide till vinets v\u00e4rld. K\u00f6p <a href=\"https:\/\/www.bkwine.com\/sv\/vara-bocker\/toscana-vinerna-distrikten-producenterna\/kop-boken\/\">Toscana, vinerna, distrikten, producenterna<\/a>.<\/p>\n<h3>Vinlandet Frankrike, trend och tradition<\/h3>\n<p>Vinlandet Frankrike handlar om Frankrike som vinland, om de franska vinregionerna, vinproducenterna, och ving\u00e5rdarna. Fick <i>OIVs &#8221;Nobelpris&#8221; i vinlitteratur<\/i>. Mer om <a href=\"https:\/\/www.bkwine.com\/sv\/vara-bocker\/vinlandet-frankrike-trend-och-tradition\/om-boken\/\">Vinlandet Frankrike<\/a>.<\/p>\n<h3>Vinet och milj\u00f6n, ekologiskt, biodynamiskt, naturligt<\/h3>\n<p>Utn\u00e4mnd till &#8221;<i>Sveriges b\u00e4sta vinbok f\u00f6r professionella<\/i>&#8221; 2012 och till tv\u00e5a i kategorin \u201d<i>world&#8217;s best educational wine book<\/i>\u201d. <a href=\"https:\/\/www.bkwine.com\/sv\/vara-bocker\/vinet-och-miljon-ekologiskt-biodynamiskt-naturligt\/kop-boken\/\">K\u00f6p Vinet och milj\u00f6n h\u00e4r<\/a>.<\/p>\n<h3>Ett vin blir till<\/h3>\n<p>Om arbetet i ving\u00e5rden och i vink\u00e4llaren. Utn\u00e4mnd till <span style=\"font-style: italic;\">Sveriges b\u00e4sta vinbok<\/span> och <span style=\"font-style: italic;\">World&#8217;s Best Wine Book for Professionals<\/span> 2010. <a title=\"K\u00f6p Ett vin blir till\" href=\"https:\/\/www.bkwine.com\/sv\/vara-bocker\/ett-vin-blir-till\/kop-boken\/\">K\u00f6p Ett vin blir till h\u00e4r<\/a>.<\/p>\n<h3>Languedoc &#8211; M\u00f6ten med viner och vinodlare i franska s\u00f6dern<\/h3>\n<p>Idag \u00e4r Languedoc ett av de mest sp\u00e4nnande och dynamiska vindistrikten i Frankrike.. Detta \u00e4r din vinguide till omr\u00e5det. <a title=\"K\u00f6p Boken om Languedocs viner\" href=\"https:\/\/www.bkwine.com\/sv\/vara-bocker\/boken-om-languedoc\/kop-boken\/\">K\u00f6p boken om Languedocs viner h\u00e4r<\/a>.<\/p>\n<hr size=\"2\" \/>\n","protected":false},"excerpt":{"rendered":"<p>Vitt, r\u00f6tt ros\u00e9? F\u00e4rgen handlar inte bara om det! Vad betyder f\u00e4rgen f\u00f6r vinet? Ganska mycket. M\u00e5nga tycker om m\u00f6rka, kompakta viner, de lovar fyllighet, kraft och massvis med frukt. Ljusa viner gjorda p\u00e5 pinot noir, nebbiolo med flera druvor kan dock ha v\u00e4l s\u00e5 intensiva aromer. Men f\u00e4rgen \u00e4r f\u00f6rsta intrycket, s\u00e5 visst p\u00e5verkas [&hellip;]<\/p>\n","protected":false},"author":3,"featured_media":344169,"comment_status":"open","ping_status":"closed","sticky":false,"template":"","format":"standard","meta":{"footnotes":""},"categories":[122],"tags":[855,2131],"class_list":["post-327882","post","type-post","status-publish","format-standard","has-post-thumbnail","hentry","category-debatt","tag-nyhetsbrev-om-vin","tag-vinskola"],"_links":{"self":[{"href":"https:\/\/www.bkwine.com\/sv\/wp-json\/wp\/v2\/posts\/327882","targetHints":{"allow":["GET"]}}],"collection":[{"href":"https:\/\/www.bkwine.com\/sv\/wp-json\/wp\/v2\/posts"}],"about":[{"href":"https:\/\/www.bkwine.com\/sv\/wp-json\/wp\/v2\/types\/post"}],"author":[{"embeddable":true,"href":"https:\/\/www.bkwine.com\/sv\/wp-json\/wp\/v2\/users\/3"}],"replies":[{"embeddable":true,"href":"https:\/\/www.bkwine.com\/sv\/wp-json\/wp\/v2\/comments?post=327882"}],"version-history":[{"count":0,"href":"https:\/\/www.bkwine.com\/sv\/wp-json\/wp\/v2\/posts\/327882\/revisions"}],"wp:featuredmedia":[{"embeddable":true,"href":"https:\/\/www.bkwine.com\/sv\/wp-json\/wp\/v2\/media\/344169"}],"wp:attachment":[{"href":"https:\/\/www.bkwine.com\/sv\/wp-json\/wp\/v2\/media?parent=327882"}],"wp:term":[{"taxonomy":"category","embeddable":true,"href":"https:\/\/www.bkwine.com\/sv\/wp-json\/wp\/v2\/categories?post=327882"},{"taxonomy":"post_tag","embeddable":true,"href":"https:\/\/www.bkwine.com\/sv\/wp-json\/wp\/v2\/tags?post=327882"}],"curies":[{"name":"wp","href":"https:\/\/api.w.org\/{rel}","templated":true}]}}